{"id":15054,"date":"2020-07-06T14:41:05","date_gmt":"2020-07-06T12:41:05","guid":{"rendered":"https:\/\/www.soletanche-bachy.com\/soletanche-bachy-lance-son-plan-daction-environnemental\/"},"modified":"2023-11-13T17:25:07","modified_gmt":"2023-11-13T16:25:07","slug":"soletanche-bachy-lanza-su-plan-de-accion-medioambiental","status":"publish","type":"post","link":"https:\/\/www.soletanche-bachy.com\/es\/soletanche-bachy-lanza-su-plan-de-accion-medioambiental\/","title":{"rendered":"Soletanche Bachy lanza su Plan de Acci\u00f3n Ambiental"},"content":{"rendered":"<p><div class=\"fusion-fullwidth fullwidth-box fusion-builder-row-1 has-pattern-background has-mask-background hundred-percent-fullwidth non-hundred-percent-height-scrolling\" style=\"--awb-border-radius-top-left:0px;--awb-border-radius-top-right:0px;--awb-border-radius-bottom-right:0px;--awb-border-radius-bottom-left:0px;--awb-padding-top:0px;--awb-padding-right:5%;--awb-padding-left:5%;--awb-margin-top:0px;--awb-margin-bottom:30px;--awb-flex-wrap:wrap;\" ><div class=\"fusion-builder-row fusion-row\"><div class=\"fusion-layout-column fusion_builder_column fusion-builder-column-0 fusion_builder_column_3_4 3_4 fusion-three-fourth fusion-column-first\" style=\"--awb-bg-size:cover;width:75%;width:calc(75% - ( ( 4% ) * 0.75 ) );margin-right: 4%;\"><div class=\"fusion-column-wrapper fusion-column-has-shadow fusion-flex-column-wrapper-legacy\"><div class=\"fusion-text fusion-text-1\" style=\"--awb-content-alignment:left;--awb-font-size:16px;--awb-text-transform:none;\"><p> 06\/07\/2020<\/p>\n<\/div><div class=\"fusion-text fusion-text-2\"><\/div><div class=\"fusion-title title fusion-title-1 fusion-sep-none fusion-title-text fusion-title-size-one\" style=\"--awb-text-color:var(--awb-custom12);--awb-margin-top-small:10px;--awb-margin-right-small:0px;--awb-margin-bottom-small:0px;--awb-margin-left-small:0px;\"><h1 class=\"fusion-title-heading title-heading-left fusion-responsive-typography-calculated\" style=\"margin:0;--fontSize:60;line-height:1.2;\">Soletanche Bachy lanza su Plan de Acci\u00f3n Ambiental<\/h1><\/div><div class=\"fusion-text fusion-text-3\" style=\"--awb-font-size:16px;--awb-text-transform:none;\"><\/div><div class=\"fusion-text fusion-text-4 fusion-text-no-margin article_chapeau\" style=\"--awb-font-size:25px;--awb-line-height:35px;--awb-text-transform:none;--awb-margin-top:80px;--awb-margin-bottom:80px;\"><p><strong>El Grupo se propone alcanzar un ambicioso objetivo en temas de medioambiente: reducir su huella de carbono en un 40 % para 2030 (alcances 1 y 2). Para lograrlo, Soletanche Bachy lanza un Plan de Acci\u00f3n Ambiental que apunta a emprender acciones concretas para disminuir nuestro consumo de combustible y de cemento, as\u00ed como a recuperar mejor los desechos de obra.<\/strong><\/p>\n<\/div><div class=\"fusion-text fusion-text-5\"><\/div><div class=\"fusion-text fusion-text-6 post-h2-title\" style=\"--awb-text-transform:none;\"><p>Con miras a respetar el Acuerdo de Par\u00eds, <a href=\"https:\/\/www.vinci.com\/vinci.nsf\/en\/index.htm\" target=\"_blank\" rel=\"noopener\">VINCI<\/a> se fij\u00f3 el objetivo de reducir el impacto directo de sus actividades. En una primera etapa, establecida en 2030, El Grupo apunta a reducir sus emisiones en un 40 %.<\/p>\n<p>Hace ya mucho tiempo que Soletanche Bachy ha emprendido acciones medioambientales en temas de separaci\u00f3n de desechos, tratamiento de aguas residuales, lucha contra la contaminaci\u00f3n, incluyendo la contaminaci\u00f3n sonora. M\u00e1s de la mitad de las filiales locales del Grupo cuentan ya con la certificaci\u00f3n ISO 14001 como aval de su sistema de gesti\u00f3n ambiental. Muchas de ellas utilizan, desde hace mucho tiempo, hormig\u00f3n con huella de carbono reducida (CEM II, CEM III).<\/p>\n<\/div><div class=\"fusion-image-element in-legacy-container\" style=\"--awb-caption-title-font-family:var(--h2_typography-font-family);--awb-caption-title-font-weight:var(--h2_typography-font-weight);--awb-caption-title-font-style:var(--h2_typography-font-style);--awb-caption-title-size:var(--h2_typography-font-size);--awb-caption-title-transform:var(--h2_typography-text-transform);--awb-caption-title-line-height:var(--h2_typography-line-height);--awb-caption-title-letter-spacing:var(--h2_typography-letter-spacing);\"><span class=\" fusion-imageframe imageframe-none imageframe-1 hover-type-none\"><img decoding=\"async\" width=\"1024\" height=\"683\" title=\"CH_20181212_038_Photo article\" src=\"https:\/\/www.soletanche-bachy.com\/wp-content\/uploads\/sites\/18\/2023\/03\/CH_20181212_038_Photo-article.jpg\" data-orig-src=\"https:\/\/www.soletanche-bachy.com\/wp-content\/uploads\/sites\/18\/2023\/03\/CH_20181212_038_Photo-article-1024x683.jpg\" alt class=\"lazyload img-responsive wp-image-15004\" srcset=\"data:image\/svg+xml,%3Csvg%20xmlns%3D%27http%3A%2F%2Fwww.w3.org%2F2000%2Fsvg%27%20width%3D%271200%27%20height%3D%27800%27%20viewBox%3D%270%200%201200%20800%27%3E%3Crect%20width%3D%271200%27%20height%3D%27800%27%20fill-opacity%3D%220%22%2F%3E%3C%2Fsvg%3E\" data-srcset=\"https:\/\/www.soletanche-bachy.com\/wp-content\/uploads\/sites\/18\/2023\/03\/CH_20181212_038_Photo-article-200x133.jpg 200w, https:\/\/www.soletanche-bachy.com\/wp-content\/uploads\/sites\/18\/2023\/03\/CH_20181212_038_Photo-article-400x267.jpg 400w, https:\/\/www.soletanche-bachy.com\/wp-content\/uploads\/sites\/18\/2023\/03\/CH_20181212_038_Photo-article-600x400.jpg 600w, https:\/\/www.soletanche-bachy.com\/wp-content\/uploads\/sites\/18\/2023\/03\/CH_20181212_038_Photo-article-800x533.jpg 800w, https:\/\/www.soletanche-bachy.com\/wp-content\/uploads\/sites\/18\/2023\/03\/CH_20181212_038_Photo-article.jpg 1200w\" data-sizes=\"auto\" data-orig-sizes=\"(max-width: 1000px) 100vw, 1024px\" \/><\/span><\/div><div class=\"fusion-clearfix\"><\/div><\/div><\/div><div class=\"fusion-layout-column fusion_builder_column fusion-builder-column-1 fusion_builder_column_1_4 1_4 fusion-one-fourth fusion-column-last fusion-no-small-visibility geoipminipress\" style=\"--awb-bg-size:cover;width:25%;width:calc(25% - ( ( 4% ) * 0.25 ) );\" data-scroll-devices=\"small-visibility,medium-visibility,large-visibility\"><div class=\"fusion-column-wrapper fusion-column-has-shadow fusion-flex-column-wrapper-legacy\"><div class=\"fusion-text fusion-text-7\" style=\"--awb-text-transform:none;\"><div class=\"widget-geoloc-render\" data-type=\"mini\" data-lang=\"es\"><\/div>\n\n<\/div><div class=\"fusion-clearfix\"><\/div><\/div><\/div>\n<\/div><\/div><div class=\"fusion-fullwidth fullwidth-box fusion-builder-row-2 hundred-percent-fullwidth non-hundred-percent-height-scrolling\" style=\"--awb-border-radius-top-left:0px;--awb-border-radius-top-right:0px;--awb-border-radius-bottom-right:0px;--awb-border-radius-bottom-left:0px;--awb-padding-top:0px;--awb-padding-right:5%;--awb-padding-left:5%;--awb-margin-top:60px;--awb-margin-bottom:60px;--awb-flex-wrap:wrap;\" ><div class=\"fusion-builder-row fusion-row\"><div class=\"fusion-layout-column fusion_builder_column fusion-builder-column-2 fusion_builder_column_3_4 3_4 fusion-three-fourth fusion-column-first\" style=\"--awb-bg-size:cover;width:75%;width:calc(75% - ( ( 4% ) * 0.75 ) );margin-right: 4%;\"><div class=\"fusion-column-wrapper fusion-column-has-shadow fusion-flex-column-wrapper-legacy\"><div class=\"fusion-title title fusion-title-2 fusion-sep-none fusion-title-text fusion-title-size-two\" style=\"--awb-text-color:var(--awb-custom12);--awb-margin-bottom:3%;--awb-margin-top-small:10px;--awb-margin-right-small:0px;--awb-margin-bottom-small:0px;--awb-margin-left-small:0px;\"><h2 class=\"fusion-title-heading title-heading-left fusion-responsive-typography-calculated\" style=\"font-family:&quot;Inter&quot;;font-style:normal;font-weight:200;margin:0;--fontSize:45;line-height:1.5;\">Un plan de acci\u00f3n ambiental pragm\u00e1tico, local y din\u00e1mico<\/h2><\/div><div class=\"fusion-text fusion-text-8 post-h2-title\" style=\"--awb-text-transform:none;\"><p>A trav\u00e9s de su Plan de Acci\u00f3n Ambiental, Soletanche Bachy pretende dar un paso m\u00e1s all\u00e1, adoptando una iniciativa pragm\u00e1tica y local que favorece acciones concretas y espec\u00edficas, desarrolladas en cada filial y a nivel de Grupo.<\/p>\n<p>Su objetivo es <strong>reducir la huella de carbono del Grupo en un 40 % para 2030 en los alcances 1 y 2<\/strong>. La principal herramienta para alcanzar esta cifra: disminuir el consumo directo e indirecto de energ\u00eda f\u00f3sil, principalmente carburantes, que alcanza los 40 millones de litros (es decir, 91 % de las emisiones de Soletanche Bachy en los alcances 1 y 2). Soletanche Bachy tambi\u00e9n apunta a la reducci\u00f3n de su consumo de cemento, ampliamente utilizado en concreto para <a href=\"https:\/\/www.soletanche-bachy.com\/es\/offer-portfolio\/muro-pantalla\/\">muros pantalla<\/a>, lechada o pilotes prefabricados. Con esto en mente, el Grupo apuesta al uso de cementos con una huella de carbono reducida (CEM II o CEM III) y por la adici\u00f3n de aglutinantes sustitutos.<\/p>\n<blockquote>\n<p>\u00abNuestros clientes, nuestros empleados, los inversionistas, en realidad, la sociedad entera espera que las empresas tengan m\u00e1s en cuenta los retos ambientales y clim\u00e1ticos, sobre todo, en el sector de la construcci\u00f3n. Nuestro Plan de Acci\u00f3n debe permitirnos progresar en nuestras pr\u00e1cticas, imaginar nuevas soluciones para nuestras obras de cimentaciones y nuestras tecnolog\u00edas para el suelo, as\u00ed como alcanzar un desempe\u00f1o que responda a esas expectativas.\u00bb <br \/>\n<strong>Christophe Dauchy, Director General, Soletanche Bachy<\/strong><\/p>\n<\/blockquote>\n<p>Como parte del Plan de Acci\u00f3n, el Grupo tambi\u00e9n trabajar\u00e1 para minimizar sus desechos y maximizar su reciclaje y recuperaci\u00f3n (destrucci\u00f3n, almacenamiento, reciclaje).<\/p>\n<p>Adem\u00e1s del objetivo cuantificado, el Plan de Acci\u00f3n Ambiental de Soletanche Bachy tiene varias ambiciones: repensar las actividades b\u00e1sicas y la tecnolog\u00eda aplicada al suelo y desarrollar una cultura ambiental real en todos los niveles del Grupo.<\/p>\n<p>Pr\u00f3ximas etapas: cada filial local de Soletanche Bachy producir\u00e1 su propio plan de acci\u00f3n ambiental inspirado en el del Grupo, centr\u00e1ndose en uno o dos temas que tengan m\u00e1s sentido a nivel local (combustible, cemento, desechos).<\/p>\n<p>El Plan de Acci\u00f3n de Soletanche Bachy tambi\u00e9n es din\u00e1mico, ya que tendr\u00e1 que evolucionar de acuerdo con el progreso y los resultados, para, si es necesario, cubrir otras tem\u00e1ticas.<\/p>\n<\/div><div class=\"fusion-title title fusion-title-3 fusion-sep-none fusion-title-text fusion-title-size-two\" style=\"--awb-text-color:var(--awb-custom12);--awb-margin-top:3%;--awb-margin-bottom:3%;--awb-margin-top-small:10px;--awb-margin-right-small:0px;--awb-margin-bottom-small:0px;--awb-margin-left-small:0px;\"><h2 class=\"fusion-title-heading title-heading-left fusion-responsive-typography-calculated\" style=\"font-family:&quot;Inter&quot;;font-style:normal;font-weight:200;margin:0;--fontSize:45;line-height:1.5;\">El impacto de nuestro plan de acci\u00f3n ambiental<\/h2><\/div><div class=\"fusion-text fusion-text-9 post-h2-title\" style=\"--awb-text-transform:none;\"><p>Reducir nuestra huella de carbono en un 40% nos permitir\u00eda cada a\u00f1o de:<\/p>\n<ul>\n<li>emitir 67,000 teq de CO2 menos,<\/li>\n<li>reducir nuestro consumo de combustible en m\u00e1s de 16 millones de litros,<\/li>\n<li>reducir nuestro consumo de electricidad en m\u00e1s de 9 millones de kWh.<\/li>\n<\/ul>\n<\/div><div class=\"fusion-title title fusion-title-4 fusion-sep-none fusion-title-text fusion-title-size-two\" style=\"--awb-text-color:var(--awb-custom12);--awb-margin-top:3%;--awb-margin-bottom:3%;--awb-margin-top-small:10px;--awb-margin-right-small:0px;--awb-margin-bottom-small:0px;--awb-margin-left-small:0px;\"><h2 class=\"fusion-title-heading title-heading-left fusion-responsive-typography-calculated\" style=\"font-family:&quot;Inter&quot;;font-style:normal;font-weight:200;margin:0;--fontSize:45;line-height:1.5;\">\u00bfQu\u00e9 son los alcances 1, 2 y 3?<\/h2><\/div><div class=\"fusion-text fusion-text-10 post-h2-title\" style=\"--awb-text-transform:none;\"><ul>\n<li>\n<p>Alcance 1 (emisiones directas): Emisiones de gases de efecto invernadero que las actividades del Grupo producen directamente: en particular, los combustibles f\u00f3siles consumidos por veh\u00edculos, m\u00e1quinas, grupos electr\u00f3genos de propiedad y generadas directamente por fuentes fijas y m\u00f3viles propiedad de la empresa.<\/p>\n<\/li>\n<li>\n<p>Alcance 2 (emisiones directas): Emisiones ligadas a la producci\u00f3n de la electricidad que se compra.<\/p>\n<\/li>\n<li>\n<p>Alcance 3 (emisiones indirectas): El conjunto de emisiones ligadas a las actividades indirectas del Grupo, lo que incluye la producci\u00f3n de materiales, la subcontrataci\u00f3n y el uso de productos y servicios.<\/p>\n<\/li>\n<\/ul>\n<\/div><div class=\"fusion-clearfix\"><\/div><\/div><\/div><div class=\"fusion-layout-column fusion_builder_column fusion-builder-column-3 fusion_builder_column_1_4 1_4 fusion-one-fourth fusion-column-last\" style=\"--awb-bg-size:cover;width:25%;width:calc(25% - ( ( 4% ) * 0.25 ) );\"><div class=\"fusion-column-wrapper fusion-column-has-shadow fusion-flex-column-wrapper-legacy\"><div class=\"fusion-clearfix\"><\/div><\/div><\/div><\/div><\/div><div class=\"fusion-fullwidth fullwidth-box fusion-builder-row-3 fusion-flex-container hundred-percent-fullwidth non-hundred-percent-height-scrolling\" style=\"--awb-border-radius-top-left:0px;--awb-border-radius-top-right:0px;--awb-border-radius-bottom-right:0px;--awb-border-radius-bottom-left:0px;--awb-padding-right:5%;--awb-padding-left:5%;--awb-flex-wrap:wrap;\" ><div class=\"fusion-builder-row fusion-row fusion-flex-align-items-flex-start fusion-flex-content-wrap\" style=\"width:104% !important;max-width:104% !important;margin-left: calc(-4% \/ 2 );margin-right: calc(-4% \/ 2 );\"><div class=\"fusion-layout-column fusion_builder_column fusion-builder-column-4 fusion_builder_column_1_2 1_2 fusion-flex-column\" style=\"--awb-bg-size:cover;--awb-width-large:50%;--awb-margin-top-large:15px;--awb-spacing-right-large:3.84%;--awb-margin-bottom-large:15px;--awb-spacing-left-large:3.84%;--awb-width-medium:100%;--awb-order-medium:0;--awb-spacing-right-medium:1.92%;--awb-spacing-left-medium:1.92%;--awb-width-small:100%;--awb-order-small:0;--awb-spacing-right-small:1.92%;--awb-spacing-left-small:1.92%;\"><div class=\"fusion-column-wrapper fusion-column-has-shadow fusion-flex-justify-content-flex-start fusion-content-layout-column\"><div ><a class=\"fusion-button button-flat fusion-button-default-size button-custom fusion-button-default button-1 fusion-button-span-yes fusion-button-default-type fusion-has-button-gradient sb-fusion-align-left \" style=\"--awb-padding-top:20px;--awb-padding-right:30px;--awb-padding-bottom:20px;--awb-padding-left:30px;--button_accent_color:var(--awb-color1);--button_accent_hover_color:#ffffff;--button_border_hover_color:#ffffff;--button_gradient_top_color:var(--awb-custom12);--button_gradient_bottom_color:var(--awb-custom12);--button_gradient_top_color_hover:var(--awb-color8);--button_gradient_bottom_color_hover:#004489;--button_text_transform:none;--button_font_size:20px;--button_typography-font-family:&quot;Inter&quot;;--button_typography-font-style:normal;--button_typography-font-weight:400;\" target=\"_self\" href=\"https:\/\/www.soletanche-bachy.com\/es\/nuestos-compromisos\/medio-ambiente\/\"><i class=\"fa-plus fas awb-button__icon awb-button__icon--default button-icon-left\" aria-hidden=\"true\"><\/i><span class=\"fusion-button-text awb-button__text awb-button__text--default\">L\u00e9er m\u00e1s sobre nuestro compromiso en el medio ambiente<\/span><\/a><\/div><\/div><\/div><div class=\"fusion-layout-column fusion_builder_column fusion-builder-column-5 fusion_builder_column_1_2 1_2 fusion-flex-column\" style=\"--awb-bg-size:cover;--awb-width-large:50%;--awb-margin-top-large:5px;--awb-spacing-right-large:3.84%;--awb-margin-bottom-large:5px;--awb-spacing-left-large:3.84%;--awb-width-medium:100%;--awb-order-medium:0;--awb-spacing-right-medium:1.92%;--awb-spacing-left-medium:1.92%;--awb-width-small:100%;--awb-order-small:0;--awb-spacing-right-small:1.92%;--awb-spacing-left-small:1.92%;\"><div class=\"fusion-column-wrapper fusion-column-has-shadow fusion-flex-justify-content-flex-start fusion-content-layout-column\"><\/div><\/div><\/div><\/div><div class=\"fusion-fullwidth fullwidth-box fusion-builder-row-4 fusion-flex-container hundred-percent-fullwidth non-hundred-percent-height-scrolling\" style=\"--awb-border-radius-top-left:0px;--awb-border-radius-top-right:0px;--awb-border-radius-bottom-right:0px;--awb-border-radius-bottom-left:0px;--awb-padding-right:5%;--awb-padding-left:5%;--awb-flex-wrap:wrap;\" ><div class=\"fusion-builder-row fusion-row fusion-flex-align-items-flex-start fusion-flex-content-wrap\" style=\"width:104% !important;max-width:104% !important;margin-left: calc(-4% \/ 2 );margin-right: calc(-4% \/ 2 );\"><div class=\"fusion-layout-column fusion_builder_column fusion-builder-column-6 fusion_builder_column_1_2 1_2 fusion-flex-column\" style=\"--awb-bg-size:cover;--awb-width-large:50%;--awb-margin-top-large:15px;--awb-spacing-right-large:3.84%;--awb-margin-bottom-large:15px;--awb-spacing-left-large:3.84%;--awb-width-medium:100%;--awb-order-medium:0;--awb-spacing-right-medium:1.92%;--awb-spacing-left-medium:1.92%;--awb-width-small:100%;--awb-order-small:0;--awb-spacing-right-small:1.92%;--awb-spacing-left-small:1.92%;\"><div class=\"fusion-column-wrapper fusion-column-has-shadow fusion-flex-justify-content-flex-start fusion-content-layout-column\"><div class=\"fusion-title title fusion-title-5 fusion-sep-none fusion-title-text fusion-title-size-three\" style=\"--awb-margin-top-small:10px;--awb-margin-right-small:0px;--awb-margin-bottom-small:0px;--awb-margin-left-small:0px;\"><h3 class=\"fusion-title-heading title-heading-left fusion-responsive-typography-calculated\" style=\"margin:0;--fontSize:30;line-height:1.5;\">Comparte esta noticia<\/h3><\/div><div class=\"fusion-text fusion-text-11 fusion-text-no-margin\" style=\"--awb-text-transform:none;--awb-margin-top:0px;--awb-margin-right:0px;--awb-margin-bottom:0px;--awb-margin-left:0px;\"><p style=\"text-align: left;\"><div class=\"addtoany_shortcode\"><div class=\"a2a_kit a2a_kit_size_48 addtoany_list\" data-a2a-url=\"https:\/\/www.soletanche-bachy.com\/es\/soletanche-bachy-lanza-su-plan-de-accion-medioambiental\/\" data-a2a-title=\"Soletanche Bachy lanza su Plan de Acci\u00f3n Ambiental\"><a class=\"a2a_button_linkedin\" href=\"https:\/\/www.addtoany.com\/add_to\/linkedin?linkurl=https%3A%2F%2Fwww.soletanche-bachy.com%2Fes%2Fsoletanche-bachy-lanza-su-plan-de-accion-medioambiental%2F&amp;linkname=Soletanche%20Bachy%20lanza%20su%20Plan%20de%20Acci%C3%B3n%20Ambiental\" title=\"LinkedIn\" rel=\"nofollow noopener\" target=\"_blank\"><\/a><a class=\"a2a_button_facebook\" href=\"https:\/\/www.addtoany.com\/add_to\/facebook?linkurl=https%3A%2F%2Fwww.soletanche-bachy.com%2Fes%2Fsoletanche-bachy-lanza-su-plan-de-accion-medioambiental%2F&amp;linkname=Soletanche%20Bachy%20lanza%20su%20Plan%20de%20Acci%C3%B3n%20Ambiental\" title=\"Facebook\" rel=\"nofollow noopener\" target=\"_blank\"><\/a><a class=\"a2a_button_twitter\" href=\"https:\/\/www.addtoany.com\/add_to\/twitter?linkurl=https%3A%2F%2Fwww.soletanche-bachy.com%2Fes%2Fsoletanche-bachy-lanza-su-plan-de-accion-medioambiental%2F&amp;linkname=Soletanche%20Bachy%20lanza%20su%20Plan%20de%20Acci%C3%B3n%20Ambiental\" title=\"Twitter\" rel=\"nofollow noopener\" target=\"_blank\"><\/a><a class=\"a2a_button_whatsapp\" href=\"https:\/\/www.addtoany.com\/add_to\/whatsapp?linkurl=https%3A%2F%2Fwww.soletanche-bachy.com%2Fes%2Fsoletanche-bachy-lanza-su-plan-de-accion-medioambiental%2F&amp;linkname=Soletanche%20Bachy%20lanza%20su%20Plan%20de%20Acci%C3%B3n%20Ambiental\" title=\"WhatsApp\" rel=\"nofollow noopener\" target=\"_blank\"><\/a><a class=\"a2a_button_email\" href=\"https:\/\/www.addtoany.com\/add_to\/email?linkurl=https%3A%2F%2Fwww.soletanche-bachy.com%2Fes%2Fsoletanche-bachy-lanza-su-plan-de-accion-medioambiental%2F&amp;linkname=Soletanche%20Bachy%20lanza%20su%20Plan%20de%20Acci%C3%B3n%20Ambiental\" title=\"Email\" rel=\"nofollow noopener\" target=\"_blank\"><\/a><a class=\"a2a_button_print\" href=\"https:\/\/www.addtoany.com\/add_to\/print?linkurl=https%3A%2F%2Fwww.soletanche-bachy.com%2Fes%2Fsoletanche-bachy-lanza-su-plan-de-accion-medioambiental%2F&amp;linkname=Soletanche%20Bachy%20lanza%20su%20Plan%20de%20Acci%C3%B3n%20Ambiental\" title=\"Print\" rel=\"nofollow noopener\" target=\"_blank\"><\/a><\/div><\/div> <\/p>\n<\/div><\/div><\/div><div class=\"fusion-layout-column fusion_builder_column fusion-builder-column-7 fusion_builder_column_1_2 1_2 fusion-flex-column\" style=\"--awb-bg-size:cover;--awb-width-large:50%;--awb-margin-top-large:0px;--awb-spacing-right-large:3.84%;--awb-margin-bottom-large:0px;--awb-spacing-left-large:3.84%;--awb-width-medium:100%;--awb-order-medium:0;--awb-spacing-right-medium:1.92%;--awb-spacing-left-medium:1.92%;--awb-width-small:100%;--awb-order-small:0;--awb-spacing-right-small:1.92%;--awb-spacing-left-small:1.92%;\"><div class=\"fusion-column-wrapper fusion-column-has-shadow fusion-flex-justify-content-flex-start fusion-content-layout-column\"><\/div><\/div><div class=\"fusion-layout-column fusion_builder_column fusion-builder-column-8 fusion_builder_column_1_1 1_1 fusion-flex-column\" style=\"--awb-bg-size:cover;--awb-width-large:100%;--awb-margin-top-large:15px;--awb-spacing-right-large:1.92%;--awb-margin-bottom-large:15px;--awb-spacing-left-large:1.92%;--awb-width-medium:100%;--awb-order-medium:0;--awb-spacing-right-medium:1.92%;--awb-spacing-left-medium:1.92%;--awb-width-small:100%;--awb-order-small:0;--awb-spacing-right-small:1.92%;--awb-spacing-left-small:1.92%;\"><div class=\"fusion-column-wrapper fusion-column-has-shadow fusion-flex-justify-content-flex-start fusion-content-layout-column\"><div class=\"fusion-separator fusion-full-width-sep\" style=\"align-self: center;margin-left: auto;margin-right: auto;margin-top:40px;width:100%;\"><\/div><\/div><\/div><\/div><\/div><div class=\"fusion-fullwidth fullwidth-box fusion-builder-row-5 fusion-flex-container has-pattern-background has-mask-background hundred-percent-fullwidth non-hundred-percent-height-scrolling\" style=\"--awb-border-radius-top-left:0px;--awb-border-radius-top-right:0px;--awb-border-radius-bottom-right:0px;--awb-border-radius-bottom-left:0px;--awb-padding-top:0px;--awb-padding-right:5%;--awb-padding-bottom:0px;--awb-padding-left:5%;--awb-margin-top:0%;--awb-margin-bottom:0%;--awb-flex-wrap:wrap;\" ><div class=\"fusion-builder-row fusion-row fusion-flex-align-items-flex-start fusion-flex-content-wrap\" style=\"width:104% !important;max-width:104% !important;margin-left: calc(-4% \/ 2 );margin-right: calc(-4% \/ 2 );\"><div class=\"fusion-layout-column fusion_builder_column fusion-builder-column-9 fusion_builder_column_3_5 3_5 fusion-flex-column\" style=\"--awb-bg-size:cover;--awb-width-large:60%;--awb-margin-top-large:0px;--awb-spacing-right-large:3.2%;--awb-margin-bottom-large:0px;--awb-spacing-left-large:3.2%;--awb-width-medium:100%;--awb-spacing-right-medium:1.92%;--awb-spacing-left-medium:1.92%;--awb-width-small:100%;--awb-spacing-right-small:1.92%;--awb-spacing-left-small:1.92%;\"><div class=\"fusion-column-wrapper fusion-column-has-shadow fusion-flex-justify-content-flex-start fusion-content-layout-column\"><div class=\"fusion-title title fusion-title-6 fusion-sep-none fusion-title-center fusion-title-text fusion-title-size-two\" style=\"--awb-margin-top-small:10px;--awb-margin-right-small:0px;--awb-margin-bottom-small:0px;--awb-margin-left-small:0px;\"><h2 class=\"fusion-title-heading title-heading-center fusion-responsive-typography-calculated\" style=\"font-family:&quot;Inter&quot;;font-style:normal;font-weight:600;margin:0;--fontSize:45;line-height:1.5;\"><p style=\"text-align: left;\">Noticias recientes<\/p>\n<p style=\"text-align: left;\"><\/h2><\/div><\/div><\/div><div class=\"fusion-layout-column fusion_builder_column fusion-builder-column-10 fusion_builder_column_2_5 2_5 fusion-flex-column fusion-no-small-visibility\" style=\"--awb-bg-size:cover;--awb-width-large:40%;--awb-margin-top-large:0px;--awb-spacing-right-large:4.8%;--awb-margin-bottom-large:0px;--awb-spacing-left-large:4.8%;--awb-width-medium:100%;--awb-order-medium:0;--awb-spacing-right-medium:1.92%;--awb-spacing-left-medium:1.92%;--awb-width-small:100%;--awb-order-small:0;--awb-spacing-right-small:1.92%;--awb-spacing-left-small:1.92%;\"><div class=\"fusion-column-wrapper fusion-column-has-shadow fusion-flex-justify-content-center fusion-content-layout-column\"><div style=\"text-align:right;\"><a class=\"fusion-button button-flat button-large button-custom fusion-button-default button-2 fusion-button-default-span fusion-button-default-type\" style=\"--button_accent_color:#004489;--button_border_color:#004489;--button_accent_hover_color:#ffffff;--button_border_hover_color:#004489;--button_border_width-top:1px;--button_border_width-right:1px;--button_border_width-bottom:1px;--button_border_width-left:1px;--button-border-radius-top-left:6px;--button-border-radius-top-right:6px;--button-border-radius-bottom-right:6px;--button-border-radius-bottom-left:6px;--button_gradient_top_color:#ffffff;--button_gradient_bottom_color:#ffffff;--button_gradient_top_color_hover:#004489;--button_gradient_bottom_color_hover:#004489;--button_text_transform:none;\" target=\"_self\" href=\"https:\/\/www.soletanche-bachy.com\/es\/noticias\/\"><i class=\"fa-arrow-right fas awb-button__icon awb-button__icon--default button-icon-left\" aria-hidden=\"true\"><\/i><span class=\"fusion-button-text awb-button__text awb-button__text--default\">Todas las noticias<\/span><\/a><\/div><\/div><\/div><div class=\"fusion-layout-column fusion_builder_column fusion-builder-column-11 fusion_builder_column_1_1 1_1 fusion-flex-column\" style=\"--awb-padding-bottom:30px;--awb-bg-size:cover;--awb-width-large:100%;--awb-margin-top-large:0px;--awb-spacing-right-large:1.92%;--awb-margin-bottom-large:0px;--awb-spacing-left-large:1.92%;--awb-width-medium:100%;--awb-order-medium:0;--awb-spacing-right-medium:1.92%;--awb-spacing-left-medium:1.92%;--awb-width-small:100%;--awb-order-small:0;--awb-spacing-right-small:1.92%;--awb-spacing-left-small:1.92%;\"><div class=\"fusion-column-wrapper fusion-column-has-shadow fusion-flex-justify-content-flex-start fusion-content-layout-column\"><div class=\"fusion-post-cards fusion-post-cards-1 awb-carousel awb-swiper awb-swiper-carousel awb-swiper-dots-position-bottom\" style=\"--awb-column-spacing:40px;--awb-active-filter-border-size:3px;--awb-filters-height:36px;\" data-post-type-label=\"entradas\" data-autoplay=\"yes\" data-autoplayspeed=\"2500\" data-autoplaypause=\"no\" data-loop=\"yes\" data-columns=\"4\" data-itemmargin=\"40px\" data-itemmargin-medium=\"40px\" data-itemmargin-small=\"40px\" data-itemwidth=\"180\" data-touchscroll=\"no\" data-freemode=\"no\" data-imagesize=\"auto\" data-mousepointer=\"default\" data-layout=\"carousel\" data-centeredslides=\"no\" data-shadow=\"no\" data-speed=\"500\" data-rotationangle=\"50\" data-depth=\"100\" data-columnsmedium=\"2\" data-columnssmall=\"1\"><div class=\"swiper-wrapper fusion-flex-align-items-flex-start\"><div class=\"fusion_builder_column fusion-builder-column-12 fusion-flex-column fusion-column-inner-bg-wrapper post-card swiper-slide\" style=\"--awb-inner-bg-blend:overlay;--awb-inner-bg-size:cover;--awb-box-shadow:4px 4px 5px 5px var(--awb-color2);;--awb-flex-grow:0;--awb-flex-shrink:0;--awb-flex-grow-medium:;--awb-flex-shrink-medium:;--awb-flex-grow-small:;--awb-flex-shrink-small:;\"><span class=\"fusion-column-inner-bg hover-type-zoomin\"><a class=\"fusion-column-anchor\" href=\"https:\/\/www.soletanche-bachy.com\/es\/forshore-by-brady-construyendo-el-futuro-del-puerto-de-newcastle\/\"><span class=\"fusion-column-inner-bg-image\"><\/span><\/a><\/span><div class=\"fusion-column-wrapper fusion-column-has-shadow fusion-flex-justify-content-space-evenly fusion-content-layout-column fusion-carousel-item-wrapper\"><div class=\"fusion-classic-product-image-wrapper fusion-woo-product-image fusion-post-card-image fusion-post-card-image-1\" data-layout=\"static\"><div  class=\"fusion-image-wrapper\" aria-haspopup=\"true\">\n\t\t\t\t\t\t\t<a href=\"https:\/\/www.soletanche-bachy.com\/es\/forshore-by-brady-construyendo-el-futuro-del-puerto-de-newcastle\/\" aria-label=\"ForSHORE by Brady: Construyendo el futuro del Puerto de Newcastle\">\n\t\t\t\t\t\t\t<img decoding=\"async\" width=\"800\" height=\"600\" src=\"data:image\/svg+xml,%3Csvg%20xmlns%3D%27http%3A%2F%2Fwww.w3.org%2F2000%2Fsvg%27%20width%3D%27800%27%20height%3D%27600%27%20viewBox%3D%270%200%20800%20600%27%3E%3Crect%20width%3D%27800%27%20height%3D%27600%27%20fill-opacity%3D%220%22%2F%3E%3C%2Fsvg%3E\" class=\"attachment-full size-full lazyload wp-post-image\" alt=\"\" data-orig-src=\"https:\/\/www.soletanche-bachy.com\/wp-content\/uploads\/sites\/18\/2026\/08\/Mayfield-Berth-4-Piling-Gate-2-1-scaled-e1787924271608.jpg\" \/>\t\t\t<\/a>\n\t\t\t\t\t\t\t<\/div>\n<\/div><div class=\"fusion-separator fusion-full-width-sep\" style=\"align-self: center;margin-left: auto;margin-right: auto;flex-grow:1;width:100%;\"><\/div><div class=\"fusion-title title fusion-title-7 fusion-sep-none fusion-title-center fusion-title-text fusion-title-size-three\" style=\"--awb-text-color:var(--awb-color7);--awb-margin-right:10px;--awb-margin-left:10px;--awb-margin-top-small:10px;--awb-margin-right-small:0px;--awb-margin-bottom-small:0px;--awb-margin-left-small:0px;--awb-font-size:20px;\"><h3 class=\"fusion-title-heading title-heading-center fusion-responsive-typography-calculated\" style=\"margin:0;font-size:1em;--fontSize:20;--minFontSize:20;line-height:1.5;\"><a href=\"https:\/\/www.soletanche-bachy.com\/es\/forshore-by-brady-construyendo-el-futuro-del-puerto-de-newcastle\/\" class=\"awb-custom-text-color awb-custom-text-hover-color\" target=\"_self\">ForSHORE by Brady: Construyendo el futuro del Puerto de Newcastle<\/a><\/h3><\/div><div class=\"fusion-separator fusion-full-width-sep\" style=\"align-self: center;margin-left: auto;margin-right: auto;margin-top:20px;width:100%;\"><\/div><\/div><\/div>\n<div class=\"fusion_builder_column fusion-builder-column-13 fusion-flex-column fusion-column-inner-bg-wrapper post-card swiper-slide\" style=\"--awb-inner-bg-blend:overlay;--awb-inner-bg-size:cover;--awb-box-shadow:4px 4px 5px 5px var(--awb-color2);;--awb-flex-grow:0;--awb-flex-shrink:0;--awb-flex-grow-medium:;--awb-flex-shrink-medium:;--awb-flex-grow-small:;--awb-flex-shrink-small:;\"><span class=\"fusion-column-inner-bg hover-type-zoomin\"><a class=\"fusion-column-anchor\" href=\"https:\/\/www.soletanche-bachy.com\/es\/presa-del-lago-arkabutla-nicholson-construction-completa-trabajos-criticos-de-estabilizacion\/\"><span class=\"fusion-column-inner-bg-image\"><\/span><\/a><\/span><div class=\"fusion-column-wrapper fusion-column-has-shadow fusion-flex-justify-content-space-evenly fusion-content-layout-column fusion-carousel-item-wrapper\"><div class=\"fusion-classic-product-image-wrapper fusion-woo-product-image fusion-post-card-image fusion-post-card-image-1\" data-layout=\"static\"><div  class=\"fusion-image-wrapper\" aria-haspopup=\"true\">\n\t\t\t\t\t\t\t<a href=\"https:\/\/www.soletanche-bachy.com\/es\/presa-del-lago-arkabutla-nicholson-construction-completa-trabajos-criticos-de-estabilizacion\/\" aria-label=\"Presa del Lago Arkabutla: Nicholson Construction completa trabajos cr\u00edticos de estabilizaci\u00f3n\">\n\t\t\t\t\t\t\t<img decoding=\"async\" width=\"1000\" height=\"750\" src=\"data:image\/svg+xml,%3Csvg%20xmlns%3D%27http%3A%2F%2Fwww.w3.org%2F2000%2Fsvg%27%20width%3D%271000%27%20height%3D%27750%27%20viewBox%3D%270%200%201000%20750%27%3E%3Crect%20width%3D%271000%27%20height%3D%27750%27%20fill-opacity%3D%220%22%2F%3E%3C%2Fsvg%3E\" class=\"attachment-full size-full lazyload wp-post-image\" alt=\"\" data-orig-src=\"https:\/\/www.soletanche-bachy.com\/wp-content\/uploads\/sites\/18\/2026\/07\/Arkabutla-e1785423263151.jpeg\" \/>\t\t\t<\/a>\n\t\t\t\t\t\t\t<\/div>\n<\/div><div class=\"fusion-separator fusion-full-width-sep\" style=\"align-self: center;margin-left: auto;margin-right: auto;flex-grow:1;width:100%;\"><\/div><div class=\"fusion-title title fusion-title-8 fusion-sep-none fusion-title-center fusion-title-text fusion-title-size-three\" style=\"--awb-text-color:var(--awb-color7);--awb-margin-right:10px;--awb-margin-left:10px;--awb-margin-top-small:10px;--awb-margin-right-small:0px;--awb-margin-bottom-small:0px;--awb-margin-left-small:0px;--awb-font-size:20px;\"><h3 class=\"fusion-title-heading title-heading-center fusion-responsive-typography-calculated\" style=\"margin:0;font-size:1em;--fontSize:20;--minFontSize:20;line-height:1.5;\"><a href=\"https:\/\/www.soletanche-bachy.com\/es\/presa-del-lago-arkabutla-nicholson-construction-completa-trabajos-criticos-de-estabilizacion\/\" class=\"awb-custom-text-color awb-custom-text-hover-color\" target=\"_self\">Presa del Lago Arkabutla: Nicholson Construction completa trabajos cr\u00edticos de estabilizaci\u00f3n<\/a><\/h3><\/div><div class=\"fusion-separator fusion-full-width-sep\" style=\"align-self: center;margin-left: auto;margin-right: auto;margin-top:20px;width:100%;\"><\/div><\/div><\/div>\n<div class=\"fusion_builder_column fusion-builder-column-14 fusion-flex-column fusion-column-inner-bg-wrapper post-card swiper-slide\" style=\"--awb-inner-bg-blend:overlay;--awb-inner-bg-size:cover;--awb-box-shadow:4px 4px 5px 5px var(--awb-color2);;--awb-flex-grow:0;--awb-flex-shrink:0;--awb-flex-grow-medium:;--awb-flex-shrink-medium:;--awb-flex-grow-small:;--awb-flex-shrink-small:;\"><span class=\"fusion-column-inner-bg hover-type-zoomin\"><a class=\"fusion-column-anchor\" href=\"https:\/\/www.soletanche-bachy.com\/es\/mcdonnell-piling-utiliza-screwsol-para-el-edificio-residencial-mas-alto-de-irlanda\/\"><span class=\"fusion-column-inner-bg-image\"><\/span><\/a><\/span><div class=\"fusion-column-wrapper fusion-column-has-shadow fusion-flex-justify-content-space-evenly fusion-content-layout-column fusion-carousel-item-wrapper\"><div class=\"fusion-classic-product-image-wrapper fusion-woo-product-image fusion-post-card-image fusion-post-card-image-1\" data-layout=\"static\"><div  class=\"fusion-image-wrapper\" aria-haspopup=\"true\">\n\t\t\t\t\t\t\t<a href=\"https:\/\/www.soletanche-bachy.com\/es\/mcdonnell-piling-utiliza-screwsol-para-el-edificio-residencial-mas-alto-de-irlanda\/\" aria-label=\"McDonnell Piling utiliza Screwsol\u00ae para el edificio residencial m\u00e1s alto de Irlanda\">\n\t\t\t\t\t\t\t<img decoding=\"async\" width=\"814\" height=\"595\" src=\"https:\/\/www.soletanche-bachy.com\/wp-content\/uploads\/sites\/18\/2026\/08\/20241008_110003-rotated-e1786373454461.jpg\" class=\"attachment-full size-full lazyload wp-post-image\" alt=\"\" srcset=\"data:image\/svg+xml,%3Csvg%20xmlns%3D%27http%3A%2F%2Fwww.w3.org%2F2000%2Fsvg%27%20width%3D%27814%27%20height%3D%27595%27%20viewBox%3D%270%200%20814%20595%27%3E%3Crect%20width%3D%27814%27%20height%3D%27595%27%20fill-opacity%3D%220%22%2F%3E%3C%2Fsvg%3E\" data-orig-src=\"https:\/\/www.soletanche-bachy.com\/wp-content\/uploads\/sites\/18\/2026\/08\/20241008_110003-rotated-e1786373454461.jpg\" data-srcset=\"https:\/\/www.soletanche-bachy.com\/wp-content\/uploads\/sites\/18\/2026\/08\/20241008_110003-rotated-e1786373454461-200x146.jpg 200w, https:\/\/www.soletanche-bachy.com\/wp-content\/uploads\/sites\/18\/2026\/08\/20241008_110003-rotated-e1786373454461-400x292.jpg 400w, https:\/\/www.soletanche-bachy.com\/wp-content\/uploads\/sites\/18\/2026\/08\/20241008_110003-rotated-e1786373454461-600x439.jpg 600w, https:\/\/www.soletanche-bachy.com\/wp-content\/uploads\/sites\/18\/2026\/08\/20241008_110003-rotated-e1786373454461-800x585.jpg 800w, https:\/\/www.soletanche-bachy.com\/wp-content\/uploads\/sites\/18\/2026\/08\/20241008_110003-rotated-e1786373454461.jpg 814w\" data-sizes=\"auto\" \/>\t\t\t<\/a>\n\t\t\t\t\t\t\t<\/div>\n<\/div><div class=\"fusion-separator fusion-full-width-sep\" style=\"align-self: center;margin-left: auto;margin-right: auto;flex-grow:1;width:100%;\"><\/div><div class=\"fusion-title title fusion-title-9 fusion-sep-none fusion-title-center fusion-title-text fusion-title-size-three\" style=\"--awb-text-color:var(--awb-color7);--awb-margin-right:10px;--awb-margin-left:10px;--awb-margin-top-small:10px;--awb-margin-right-small:0px;--awb-margin-bottom-small:0px;--awb-margin-left-small:0px;--awb-font-size:20px;\"><h3 class=\"fusion-title-heading title-heading-center fusion-responsive-typography-calculated\" style=\"margin:0;font-size:1em;--fontSize:20;--minFontSize:20;line-height:1.5;\"><a href=\"https:\/\/www.soletanche-bachy.com\/es\/mcdonnell-piling-utiliza-screwsol-para-el-edificio-residencial-mas-alto-de-irlanda\/\" class=\"awb-custom-text-color awb-custom-text-hover-color\" target=\"_self\">McDonnell Piling utiliza Screwsol\u00ae para el edificio residencial m\u00e1s alto de Irlanda<\/a><\/h3><\/div><div class=\"fusion-separator fusion-full-width-sep\" style=\"align-self: center;margin-left: auto;margin-right: auto;margin-top:20px;width:100%;\"><\/div><\/div><\/div>\n<div class=\"fusion_builder_column fusion-builder-column-15 fusion-flex-column fusion-column-inner-bg-wrapper post-card swiper-slide\" style=\"--awb-inner-bg-blend:overlay;--awb-inner-bg-size:cover;--awb-box-shadow:4px 4px 5px 5px var(--awb-color2);;--awb-flex-grow:0;--awb-flex-shrink:0;--awb-flex-grow-medium:;--awb-flex-shrink-medium:;--awb-flex-grow-small:;--awb-flex-shrink-small:;\"><span class=\"fusion-column-inner-bg hover-type-zoomin\"><a class=\"fusion-column-anchor\" href=\"https:\/\/www.soletanche-bachy.com\/es\/nicholson-modernizacion-de-una-estacion-de-bombeo-en-louisville\/\"><span class=\"fusion-column-inner-bg-image\"><\/span><\/a><\/span><div class=\"fusion-column-wrapper fusion-column-has-shadow fusion-flex-justify-content-space-evenly fusion-content-layout-column fusion-carousel-item-wrapper\"><div class=\"fusion-classic-product-image-wrapper fusion-woo-product-image fusion-post-card-image fusion-post-card-image-1\" data-layout=\"static\"><div  class=\"fusion-image-wrapper\" aria-haspopup=\"true\">\n\t\t\t\t\t\t\t<a href=\"https:\/\/www.soletanche-bachy.com\/es\/nicholson-modernizacion-de-una-estacion-de-bombeo-en-louisville\/\" aria-label=\"Nicholson: modernizaci\u00f3n de una estaci\u00f3n de bombeo en Louisville\">\n\t\t\t\t\t\t\t<img decoding=\"async\" width=\"344\" height=\"230\" src=\"https:\/\/www.soletanche-bachy.com\/wp-content\/uploads\/sites\/18\/2026\/07\/Capture-decran-2026-06-15-102443-e1785420888594.png\" class=\"attachment-full size-full lazyload wp-post-image\" alt=\"\" srcset=\"data:image\/svg+xml,%3Csvg%20xmlns%3D%27http%3A%2F%2Fwww.w3.org%2F2000%2Fsvg%27%20width%3D%27344%27%20height%3D%27230%27%20viewBox%3D%270%200%20344%20230%27%3E%3Crect%20width%3D%27344%27%20height%3D%27230%27%20fill-opacity%3D%220%22%2F%3E%3C%2Fsvg%3E\" data-orig-src=\"https:\/\/www.soletanche-bachy.com\/wp-content\/uploads\/sites\/18\/2026\/07\/Capture-decran-2026-06-15-102443-e1785420888594.png\" data-srcset=\"https:\/\/www.soletanche-bachy.com\/wp-content\/uploads\/sites\/18\/2026\/07\/Capture-decran-2026-06-15-102443-e1785420888594-200x134.png 200w, https:\/\/www.soletanche-bachy.com\/wp-content\/uploads\/sites\/18\/2026\/07\/Capture-decran-2026-06-15-102443-e1785420888594.png 344w\" data-sizes=\"auto\" \/>\t\t\t<\/a>\n\t\t\t\t\t\t\t<\/div>\n<\/div><div class=\"fusion-separator fusion-full-width-sep\" style=\"align-self: center;margin-left: auto;margin-right: auto;flex-grow:1;width:100%;\"><\/div><div class=\"fusion-title title fusion-title-10 fusion-sep-none fusion-title-center fusion-title-text fusion-title-size-three\" style=\"--awb-text-color:var(--awb-color7);--awb-margin-right:10px;--awb-margin-left:10px;--awb-margin-top-small:10px;--awb-margin-right-small:0px;--awb-margin-bottom-small:0px;--awb-margin-left-small:0px;--awb-font-size:20px;\"><h3 class=\"fusion-title-heading title-heading-center fusion-responsive-typography-calculated\" style=\"margin:0;font-size:1em;--fontSize:20;--minFontSize:20;line-height:1.5;\"><a href=\"https:\/\/www.soletanche-bachy.com\/es\/nicholson-modernizacion-de-una-estacion-de-bombeo-en-louisville\/\" class=\"awb-custom-text-color awb-custom-text-hover-color\" target=\"_self\">Nicholson: modernizaci\u00f3n de una estaci\u00f3n de bombeo en Louisville<\/a><\/h3><\/div><div class=\"fusion-separator fusion-full-width-sep\" style=\"align-self: center;margin-left: auto;margin-right: auto;margin-top:20px;width:100%;\"><\/div><\/div><\/div>\n<div class=\"fusion_builder_column fusion-builder-column-16 fusion-flex-column fusion-column-inner-bg-wrapper post-card swiper-slide\" style=\"--awb-inner-bg-blend:overlay;--awb-inner-bg-size:cover;--awb-box-shadow:4px 4px 5px 5px var(--awb-color2);;--awb-flex-grow:0;--awb-flex-shrink:0;--awb-flex-grow-medium:;--awb-flex-shrink-medium:;--awb-flex-grow-small:;--awb-flex-shrink-small:;\"><span class=\"fusion-column-inner-bg hover-type-zoomin\"><a class=\"fusion-column-anchor\" href=\"https:\/\/www.soletanche-bachy.com\/es\/soletanche-bachy-france-regeneracion-del-tunel-de-beaucaire\/\"><span class=\"fusion-column-inner-bg-image\"><\/span><\/a><\/span><div class=\"fusion-column-wrapper fusion-column-has-shadow fusion-flex-justify-content-space-evenly fusion-content-layout-column fusion-carousel-item-wrapper\"><div class=\"fusion-classic-product-image-wrapper fusion-woo-product-image fusion-post-card-image fusion-post-card-image-1\" data-layout=\"static\"><div  class=\"fusion-image-wrapper\" aria-haspopup=\"true\">\n\t\t\t\t\t\t\t<a href=\"https:\/\/www.soletanche-bachy.com\/es\/soletanche-bachy-france-regeneracion-del-tunel-de-beaucaire\/\" aria-label=\"Soletanche Bachy France: regeneraci\u00f3n del t\u00fanel de Beaucaire\">\n\t\t\t\t\t\t\t<img decoding=\"async\" width=\"1523\" height=\"890\" src=\"https:\/\/www.soletanche-bachy.com\/wp-content\/uploads\/sites\/18\/2026\/08\/Capture-decran-2026-05-29-103756.png\" class=\"attachment-full size-full lazyload wp-post-image\" alt=\"\" srcset=\"data:image\/svg+xml,%3Csvg%20xmlns%3D%27http%3A%2F%2Fwww.w3.org%2F2000%2Fsvg%27%20width%3D%271523%27%20height%3D%27890%27%20viewBox%3D%270%200%201523%20890%27%3E%3Crect%20width%3D%271523%27%20height%3D%27890%27%20fill-opacity%3D%220%22%2F%3E%3C%2Fsvg%3E\" data-orig-src=\"https:\/\/www.soletanche-bachy.com\/wp-content\/uploads\/sites\/18\/2026\/08\/Capture-decran-2026-05-29-103756.png\" data-srcset=\"https:\/\/www.soletanche-bachy.com\/wp-content\/uploads\/sites\/18\/2026\/08\/Capture-decran-2026-05-29-103756-200x117.png 200w, https:\/\/www.soletanche-bachy.com\/wp-content\/uploads\/sites\/18\/2026\/08\/Capture-decran-2026-05-29-103756-400x234.png 400w, https:\/\/www.soletanche-bachy.com\/wp-content\/uploads\/sites\/18\/2026\/08\/Capture-decran-2026-05-29-103756-600x351.png 600w, https:\/\/www.soletanche-bachy.com\/wp-content\/uploads\/sites\/18\/2026\/08\/Capture-decran-2026-05-29-103756-800x467.png 800w, https:\/\/www.soletanche-bachy.com\/wp-content\/uploads\/sites\/18\/2026\/08\/Capture-decran-2026-05-29-103756-1200x701.png 1200w, https:\/\/www.soletanche-bachy.com\/wp-content\/uploads\/sites\/18\/2026\/08\/Capture-decran-2026-05-29-103756.png 1523w\" data-sizes=\"auto\" \/>\t\t\t<\/a>\n\t\t\t\t\t\t\t<\/div>\n<\/div><div class=\"fusion-separator fusion-full-width-sep\" style=\"align-self: center;margin-left: auto;margin-right: auto;flex-grow:1;width:100%;\"><\/div><div class=\"fusion-title title fusion-title-11 fusion-sep-none fusion-title-center fusion-title-text fusion-title-size-three\" style=\"--awb-text-color:var(--awb-color7);--awb-margin-right:10px;--awb-margin-left:10px;--awb-margin-top-small:10px;--awb-margin-right-small:0px;--awb-margin-bottom-small:0px;--awb-margin-left-small:0px;--awb-font-size:20px;\"><h3 class=\"fusion-title-heading title-heading-center fusion-responsive-typography-calculated\" style=\"margin:0;font-size:1em;--fontSize:20;--minFontSize:20;line-height:1.5;\"><a href=\"https:\/\/www.soletanche-bachy.com\/es\/soletanche-bachy-france-regeneracion-del-tunel-de-beaucaire\/\" class=\"awb-custom-text-color awb-custom-text-hover-color\" target=\"_self\">Soletanche Bachy France: regeneraci\u00f3n del t\u00fanel de Beaucaire<\/a><\/h3><\/div><div class=\"fusion-separator fusion-full-width-sep\" style=\"align-self: center;margin-left: auto;margin-right: auto;margin-top:20px;width:100%;\"><\/div><\/div><\/div>\n<div class=\"fusion_builder_column fusion-builder-column-17 fusion-flex-column fusion-column-inner-bg-wrapper post-card swiper-slide\" style=\"--awb-inner-bg-blend:overlay;--awb-inner-bg-size:cover;--awb-box-shadow:4px 4px 5px 5px var(--awb-color2);;--awb-flex-grow:0;--awb-flex-shrink:0;--awb-flex-grow-medium:;--awb-flex-shrink-medium:;--awb-flex-grow-small:;--awb-flex-shrink-small:;\"><span class=\"fusion-column-inner-bg hover-type-zoomin\"><a class=\"fusion-column-anchor\" href=\"https:\/\/www.soletanche-bachy.com\/es\/bu-managers-meeting-2026-enfoque-en-la-estrategia-la-innovacion-y-el-terreno\/\"><span class=\"fusion-column-inner-bg-image\"><\/span><\/a><\/span><div class=\"fusion-column-wrapper fusion-column-has-shadow fusion-flex-justify-content-space-evenly fusion-content-layout-column fusion-carousel-item-wrapper\"><div class=\"fusion-classic-product-image-wrapper fusion-woo-product-image fusion-post-card-image fusion-post-card-image-1\" data-layout=\"static\"><div  class=\"fusion-image-wrapper\" aria-haspopup=\"true\">\n\t\t\t\t\t\t\t<a href=\"https:\/\/www.soletanche-bachy.com\/es\/bu-managers-meeting-2026-enfoque-en-la-estrategia-la-innovacion-y-el-terreno\/\" aria-label=\"BU Managers Meeting 2026: enfoque en la estrategia, la innovaci\u00f3n y el terreno\">\n\t\t\t\t\t\t\t<img decoding=\"async\" width=\"860\" height=\"440\" src=\"https:\/\/www.soletanche-bachy.com\/wp-content\/uploads\/sites\/18\/2026\/06\/20260528_134243284_iOS.jpg\" class=\"attachment-full size-full lazyload wp-post-image\" alt=\"\" srcset=\"data:image\/svg+xml,%3Csvg%20xmlns%3D%27http%3A%2F%2Fwww.w3.org%2F2000%2Fsvg%27%20width%3D%27860%27%20height%3D%27440%27%20viewBox%3D%270%200%20860%20440%27%3E%3Crect%20width%3D%27860%27%20height%3D%27440%27%20fill-opacity%3D%220%22%2F%3E%3C%2Fsvg%3E\" data-orig-src=\"https:\/\/www.soletanche-bachy.com\/wp-content\/uploads\/sites\/18\/2026\/06\/20260528_134243284_iOS.jpg\" data-srcset=\"https:\/\/www.soletanche-bachy.com\/wp-content\/uploads\/sites\/18\/2026\/06\/20260528_134243284_iOS-200x102.jpg 200w, https:\/\/www.soletanche-bachy.com\/wp-content\/uploads\/sites\/18\/2026\/06\/20260528_134243284_iOS-400x205.jpg 400w, https:\/\/www.soletanche-bachy.com\/wp-content\/uploads\/sites\/18\/2026\/06\/20260528_134243284_iOS-600x307.jpg 600w, https:\/\/www.soletanche-bachy.com\/wp-content\/uploads\/sites\/18\/2026\/06\/20260528_134243284_iOS-800x409.jpg 800w, https:\/\/www.soletanche-bachy.com\/wp-content\/uploads\/sites\/18\/2026\/06\/20260528_134243284_iOS.jpg 860w\" data-sizes=\"auto\" \/>\t\t\t<\/a>\n\t\t\t\t\t\t\t<\/div>\n<\/div><div class=\"fusion-separator fusion-full-width-sep\" style=\"align-self: center;margin-left: auto;margin-right: auto;flex-grow:1;width:100%;\"><\/div><div class=\"fusion-title title fusion-title-12 fusion-sep-none fusion-title-center fusion-title-text fusion-title-size-three\" style=\"--awb-text-color:var(--awb-color7);--awb-margin-right:10px;--awb-margin-left:10px;--awb-margin-top-small:10px;--awb-margin-right-small:0px;--awb-margin-bottom-small:0px;--awb-margin-left-small:0px;--awb-font-size:20px;\"><h3 class=\"fusion-title-heading title-heading-center fusion-responsive-typography-calculated\" style=\"margin:0;font-size:1em;--fontSize:20;--minFontSize:20;line-height:1.5;\"><a href=\"https:\/\/www.soletanche-bachy.com\/es\/bu-managers-meeting-2026-enfoque-en-la-estrategia-la-innovacion-y-el-terreno\/\" class=\"awb-custom-text-color awb-custom-text-hover-color\" target=\"_self\">BU Managers Meeting 2026: enfoque en la estrategia, la innovaci\u00f3n y el terreno<\/a><\/h3><\/div><div class=\"fusion-separator fusion-full-width-sep\" style=\"align-self: center;margin-left: auto;margin-right: auto;margin-top:20px;width:100%;\"><\/div><\/div><\/div>\n<div class=\"fusion_builder_column fusion-builder-column-18 fusion-flex-column fusion-column-inner-bg-wrapper post-card swiper-slide\" style=\"--awb-inner-bg-blend:overlay;--awb-inner-bg-size:cover;--awb-box-shadow:4px 4px 5px 5px var(--awb-color2);;--awb-flex-grow:0;--awb-flex-shrink:0;--awb-flex-grow-medium:;--awb-flex-shrink-medium:;--awb-flex-grow-small:;--awb-flex-shrink-small:;\"><span class=\"fusion-column-inner-bg hover-type-zoomin\"><a class=\"fusion-column-anchor\" href=\"https:\/\/www.soletanche-bachy.com\/es\/soletanche-bachy-en-viena-para-la-conferencia-icsmge-2026\/\"><span class=\"fusion-column-inner-bg-image\"><\/span><\/a><\/span><div class=\"fusion-column-wrapper fusion-column-has-shadow fusion-flex-justify-content-space-evenly fusion-content-layout-column fusion-carousel-item-wrapper\"><div class=\"fusion-classic-product-image-wrapper fusion-woo-product-image fusion-post-card-image fusion-post-card-image-1\" data-layout=\"static\"><div  class=\"fusion-image-wrapper\" aria-haspopup=\"true\">\n\t\t\t\t\t\t\t<a href=\"https:\/\/www.soletanche-bachy.com\/es\/soletanche-bachy-en-viena-para-la-conferencia-icsmge-2026\/\" aria-label=\"Soletanche Bachy en Viena para la conferencia ICSMGE 2026\">\n\t\t\t\t\t\t\t<img decoding=\"async\" width=\"799\" height=\"599\" src=\"data:image\/svg+xml,%3Csvg%20xmlns%3D%27http%3A%2F%2Fwww.w3.org%2F2000%2Fsvg%27%20width%3D%27799%27%20height%3D%27599%27%20viewBox%3D%270%200%20799%20599%27%3E%3Crect%20width%3D%27799%27%20height%3D%27599%27%20fill-opacity%3D%220%22%2F%3E%3C%2Fsvg%3E\" class=\"attachment-full size-full lazyload wp-post-image\" alt=\"\" data-orig-src=\"https:\/\/www.soletanche-bachy.com\/wp-content\/uploads\/sites\/18\/2026\/07\/Image-1-1-scaled-e1785419063234.jpg\" \/>\t\t\t<\/a>\n\t\t\t\t\t\t\t<\/div>\n<\/div><div class=\"fusion-separator fusion-full-width-sep\" style=\"align-self: center;margin-left: auto;margin-right: auto;flex-grow:1;width:100%;\"><\/div><div class=\"fusion-title title fusion-title-13 fusion-sep-none fusion-title-center fusion-title-text fusion-title-size-three\" style=\"--awb-text-color:var(--awb-color7);--awb-margin-right:10px;--awb-margin-left:10px;--awb-margin-top-small:10px;--awb-margin-right-small:0px;--awb-margin-bottom-small:0px;--awb-margin-left-small:0px;--awb-font-size:20px;\"><h3 class=\"fusion-title-heading title-heading-center fusion-responsive-typography-calculated\" style=\"margin:0;font-size:1em;--fontSize:20;--minFontSize:20;line-height:1.5;\"><a href=\"https:\/\/www.soletanche-bachy.com\/es\/soletanche-bachy-en-viena-para-la-conferencia-icsmge-2026\/\" class=\"awb-custom-text-color awb-custom-text-hover-color\" target=\"_self\">Soletanche Bachy en Viena para la conferencia ICSMGE 2026<\/a><\/h3><\/div><div class=\"fusion-separator fusion-full-width-sep\" style=\"align-self: center;margin-left: auto;margin-right: auto;margin-top:20px;width:100%;\"><\/div><\/div><\/div>\n<div class=\"fusion_builder_column fusion-builder-column-19 fusion-flex-column fusion-column-inner-bg-wrapper post-card swiper-slide\" style=\"--awb-inner-bg-blend:overlay;--awb-inner-bg-size:cover;--awb-box-shadow:4px 4px 5px 5px var(--awb-color2);;--awb-flex-grow:0;--awb-flex-shrink:0;--awb-flex-grow-medium:;--awb-flex-shrink-medium:;--awb-flex-grow-small:;--awb-flex-shrink-small:;\"><span class=\"fusion-column-inner-bg hover-type-zoomin\"><a class=\"fusion-column-anchor\" href=\"https:\/\/www.soletanche-bachy.com\/es\/soletanche-bachy-refuerza-su-presencia-en-la-republica-checa-con-la-adquisicion-de-cenek-a-jezek\/\"><span class=\"fusion-column-inner-bg-image\"><\/span><\/a><\/span><div class=\"fusion-column-wrapper fusion-column-has-shadow fusion-flex-justify-content-space-evenly fusion-content-layout-column fusion-carousel-item-wrapper\"><div class=\"fusion-classic-product-image-wrapper fusion-woo-product-image fusion-post-card-image fusion-post-card-image-1\" data-layout=\"static\"><div  class=\"fusion-image-wrapper\" aria-haspopup=\"true\">\n\t\t\t\t\t\t\t<a href=\"https:\/\/www.soletanche-bachy.com\/es\/soletanche-bachy-refuerza-su-presencia-en-la-republica-checa-con-la-adquisicion-de-cenek-a-jezek\/\" aria-label=\"Soletanche Bachy refuerza su presencia en la Rep\u00fablica Checa con la adquisici\u00f3n de \u010cen\u011bk a Je\u017eek\">\n\t\t\t\t\t\t\t<img decoding=\"async\" width=\"2560\" height=\"1086\" src=\"https:\/\/www.soletanche-bachy.com\/wp-content\/uploads\/sites\/18\/2026\/08\/2-ok-scaled.png\" class=\"attachment-full size-full lazyload wp-post-image\" alt=\"\" srcset=\"data:image\/svg+xml,%3Csvg%20xmlns%3D%27http%3A%2F%2Fwww.w3.org%2F2000%2Fsvg%27%20width%3D%272560%27%20height%3D%271086%27%20viewBox%3D%270%200%202560%201086%27%3E%3Crect%20width%3D%272560%27%20height%3D%271086%27%20fill-opacity%3D%220%22%2F%3E%3C%2Fsvg%3E\" data-orig-src=\"https:\/\/www.soletanche-bachy.com\/wp-content\/uploads\/sites\/18\/2026\/08\/2-ok-scaled.png\" data-srcset=\"https:\/\/www.soletanche-bachy.com\/wp-content\/uploads\/sites\/18\/2026\/08\/2-ok-200x85.png 200w, https:\/\/www.soletanche-bachy.com\/wp-content\/uploads\/sites\/18\/2026\/08\/2-ok-400x170.png 400w, https:\/\/www.soletanche-bachy.com\/wp-content\/uploads\/sites\/18\/2026\/08\/2-ok-600x255.png 600w, https:\/\/www.soletanche-bachy.com\/wp-content\/uploads\/sites\/18\/2026\/08\/2-ok-800x339.png 800w, https:\/\/www.soletanche-bachy.com\/wp-content\/uploads\/sites\/18\/2026\/08\/2-ok-1200x509.png 1200w, https:\/\/www.soletanche-bachy.com\/wp-content\/uploads\/sites\/18\/2026\/08\/2-ok-scaled.png 2560w\" data-sizes=\"auto\" \/>\t\t\t<\/a>\n\t\t\t\t\t\t\t<\/div>\n<\/div><div class=\"fusion-separator fusion-full-width-sep\" style=\"align-self: center;margin-left: auto;margin-right: auto;flex-grow:1;width:100%;\"><\/div><div class=\"fusion-title title fusion-title-14 fusion-sep-none fusion-title-center fusion-title-text fusion-title-size-three\" style=\"--awb-text-color:var(--awb-color7);--awb-margin-right:10px;--awb-margin-left:10px;--awb-margin-top-small:10px;--awb-margin-right-small:0px;--awb-margin-bottom-small:0px;--awb-margin-left-small:0px;--awb-font-size:20px;\"><h3 class=\"fusion-title-heading title-heading-center fusion-responsive-typography-calculated\" style=\"margin:0;font-size:1em;--fontSize:20;--minFontSize:20;line-height:1.5;\"><a href=\"https:\/\/www.soletanche-bachy.com\/es\/soletanche-bachy-refuerza-su-presencia-en-la-republica-checa-con-la-adquisicion-de-cenek-a-jezek\/\" class=\"awb-custom-text-color awb-custom-text-hover-color\" target=\"_self\">Soletanche Bachy refuerza su presencia en la Rep\u00fablica Checa con la adquisici\u00f3n de \u010cen\u011bk a Je\u017eek<\/a><\/h3><\/div><div class=\"fusion-separator fusion-full-width-sep\" style=\"align-self: center;margin-left: auto;margin-right: auto;margin-top:20px;width:100%;\"><\/div><\/div><\/div>\n<div class=\"fusion_builder_column fusion-builder-column-20 fusion-flex-column fusion-column-inner-bg-wrapper post-card swiper-slide\" style=\"--awb-inner-bg-blend:overlay;--awb-inner-bg-size:cover;--awb-box-shadow:4px 4px 5px 5px var(--awb-color2);;--awb-flex-grow:0;--awb-flex-shrink:0;--awb-flex-grow-medium:;--awb-flex-shrink-medium:;--awb-flex-grow-small:;--awb-flex-shrink-small:;\"><span class=\"fusion-column-inner-bg hover-type-zoomin\"><a class=\"fusion-column-anchor\" href=\"https:\/\/www.soletanche-bachy.com\/es\/copa-mundial-de-futbol-2026-cimesa-participo-en-la-construccion-del-estadio-azteca-en-mexico\/\"><span class=\"fusion-column-inner-bg-image\"><\/span><\/a><\/span><div class=\"fusion-column-wrapper fusion-column-has-shadow fusion-flex-justify-content-space-evenly fusion-content-layout-column fusion-carousel-item-wrapper\"><div class=\"fusion-classic-product-image-wrapper fusion-woo-product-image fusion-post-card-image fusion-post-card-image-1\" data-layout=\"static\"><div  class=\"fusion-image-wrapper\" aria-haspopup=\"true\">\n\t\t\t\t\t\t\t<a href=\"https:\/\/www.soletanche-bachy.com\/es\/copa-mundial-de-futbol-2026-cimesa-participo-en-la-construccion-del-estadio-azteca-en-mexico\/\" aria-label=\"Copa Mundial de F\u00fatbol 2026: CIMESA particip\u00f3 en la construcci\u00f3n del Estadio Azteca en Mexico\">\n\t\t\t\t\t\t\t<img decoding=\"async\" width=\"1600\" height=\"1200\" src=\"https:\/\/www.soletanche-bachy.com\/wp-content\/uploads\/sites\/18\/2026\/07\/Photo-2.jpg\" class=\"attachment-full size-full lazyload wp-post-image\" alt=\"\" srcset=\"data:image\/svg+xml,%3Csvg%20xmlns%3D%27http%3A%2F%2Fwww.w3.org%2F2000%2Fsvg%27%20width%3D%271600%27%20height%3D%271200%27%20viewBox%3D%270%200%201600%201200%27%3E%3Crect%20width%3D%271600%27%20height%3D%271200%27%20fill-opacity%3D%220%22%2F%3E%3C%2Fsvg%3E\" data-orig-src=\"https:\/\/www.soletanche-bachy.com\/wp-content\/uploads\/sites\/18\/2026\/07\/Photo-2.jpg\" data-srcset=\"https:\/\/www.soletanche-bachy.com\/wp-content\/uploads\/sites\/18\/2026\/07\/Photo-2-200x150.jpg 200w, https:\/\/www.soletanche-bachy.com\/wp-content\/uploads\/sites\/18\/2026\/07\/Photo-2-400x300.jpg 400w, https:\/\/www.soletanche-bachy.com\/wp-content\/uploads\/sites\/18\/2026\/07\/Photo-2-600x450.jpg 600w, https:\/\/www.soletanche-bachy.com\/wp-content\/uploads\/sites\/18\/2026\/07\/Photo-2-800x600.jpg 800w, https:\/\/www.soletanche-bachy.com\/wp-content\/uploads\/sites\/18\/2026\/07\/Photo-2-1200x900.jpg 1200w, https:\/\/www.soletanche-bachy.com\/wp-content\/uploads\/sites\/18\/2026\/07\/Photo-2.jpg 1600w\" data-sizes=\"auto\" \/>\t\t\t<\/a>\n\t\t\t\t\t\t\t<\/div>\n<\/div><div class=\"fusion-separator fusion-full-width-sep\" style=\"align-self: center;margin-left: auto;margin-right: auto;flex-grow:1;width:100%;\"><\/div><div class=\"fusion-title title fusion-title-15 fusion-sep-none fusion-title-center fusion-title-text fusion-title-size-three\" style=\"--awb-text-color:var(--awb-color7);--awb-margin-right:10px;--awb-margin-left:10px;--awb-margin-top-small:10px;--awb-margin-right-small:0px;--awb-margin-bottom-small:0px;--awb-margin-left-small:0px;--awb-font-size:20px;\"><h3 class=\"fusion-title-heading title-heading-center fusion-responsive-typography-calculated\" style=\"margin:0;font-size:1em;--fontSize:20;--minFontSize:20;line-height:1.5;\"><a href=\"https:\/\/www.soletanche-bachy.com\/es\/copa-mundial-de-futbol-2026-cimesa-participo-en-la-construccion-del-estadio-azteca-en-mexico\/\" class=\"awb-custom-text-color awb-custom-text-hover-color\" target=\"_self\">Copa Mundial de F\u00fatbol 2026: CIMESA particip\u00f3 en la construcci\u00f3n del Estadio Azteca en Mexico<\/a><\/h3><\/div><div class=\"fusion-separator fusion-full-width-sep\" style=\"align-self: center;margin-left: auto;margin-right: auto;margin-top:20px;width:100%;\"><\/div><\/div><\/div>\n<div class=\"fusion_builder_column fusion-builder-column-21 fusion-flex-column fusion-column-inner-bg-wrapper post-card swiper-slide\" style=\"--awb-inner-bg-blend:overlay;--awb-inner-bg-size:cover;--awb-box-shadow:4px 4px 5px 5px var(--awb-color2);;--awb-flex-grow:0;--awb-flex-shrink:0;--awb-flex-grow-medium:;--awb-flex-shrink-medium:;--awb-flex-grow-small:;--awb-flex-shrink-small:;\"><span class=\"fusion-column-inner-bg hover-type-zoomin\"><a class=\"fusion-column-anchor\" href=\"https:\/\/www.soletanche-bachy.com\/es\/icold-2026-en-guadalajara-soletanche-bachy-y-cimesa-en-la-cita-mundial-de-las-presas\/\"><span class=\"fusion-column-inner-bg-image\"><\/span><\/a><\/span><div class=\"fusion-column-wrapper fusion-column-has-shadow fusion-flex-justify-content-space-evenly fusion-content-layout-column fusion-carousel-item-wrapper\"><div class=\"fusion-classic-product-image-wrapper fusion-woo-product-image fusion-post-card-image fusion-post-card-image-1\" data-layout=\"static\"><div  class=\"fusion-image-wrapper\" aria-haspopup=\"true\">\n\t\t\t\t\t\t\t<a href=\"https:\/\/www.soletanche-bachy.com\/es\/icold-2026-en-guadalajara-soletanche-bachy-y-cimesa-en-la-cita-mundial-de-las-presas\/\" aria-label=\"ICOLD 2026 en Guadalajara: Soletanche Bachy y Cimesa en la cita mundial de las presas\">\n\t\t\t\t\t\t\t<img decoding=\"async\" width=\"2560\" height=\"1920\" src=\"https:\/\/www.soletanche-bachy.com\/wp-content\/uploads\/sites\/18\/2026\/08\/SCXI3273-scaled.jpg\" class=\"attachment-full size-full lazyload wp-post-image\" alt=\"\" srcset=\"data:image\/svg+xml,%3Csvg%20xmlns%3D%27http%3A%2F%2Fwww.w3.org%2F2000%2Fsvg%27%20width%3D%272560%27%20height%3D%271920%27%20viewBox%3D%270%200%202560%201920%27%3E%3Crect%20width%3D%272560%27%20height%3D%271920%27%20fill-opacity%3D%220%22%2F%3E%3C%2Fsvg%3E\" data-orig-src=\"https:\/\/www.soletanche-bachy.com\/wp-content\/uploads\/sites\/18\/2026\/08\/SCXI3273-scaled.jpg\" data-srcset=\"https:\/\/www.soletanche-bachy.com\/wp-content\/uploads\/sites\/18\/2026\/08\/SCXI3273-200x150.jpg 200w, https:\/\/www.soletanche-bachy.com\/wp-content\/uploads\/sites\/18\/2026\/08\/SCXI3273-400x300.jpg 400w, https:\/\/www.soletanche-bachy.com\/wp-content\/uploads\/sites\/18\/2026\/08\/SCXI3273-600x450.jpg 600w, https:\/\/www.soletanche-bachy.com\/wp-content\/uploads\/sites\/18\/2026\/08\/SCXI3273-800x600.jpg 800w, https:\/\/www.soletanche-bachy.com\/wp-content\/uploads\/sites\/18\/2026\/08\/SCXI3273-1200x900.jpg 1200w, https:\/\/www.soletanche-bachy.com\/wp-content\/uploads\/sites\/18\/2026\/08\/SCXI3273-scaled.jpg 2560w\" data-sizes=\"auto\" \/>\t\t\t<\/a>\n\t\t\t\t\t\t\t<\/div>\n<\/div><div class=\"fusion-separator fusion-full-width-sep\" style=\"align-self: center;margin-left: auto;margin-right: auto;flex-grow:1;width:100%;\"><\/div><div class=\"fusion-title title fusion-title-16 fusion-sep-none fusion-title-center fusion-title-text fusion-title-size-three\" style=\"--awb-text-color:var(--awb-color7);--awb-margin-right:10px;--awb-margin-left:10px;--awb-margin-top-small:10px;--awb-margin-right-small:0px;--awb-margin-bottom-small:0px;--awb-margin-left-small:0px;--awb-font-size:20px;\"><h3 class=\"fusion-title-heading title-heading-center fusion-responsive-typography-calculated\" style=\"margin:0;font-size:1em;--fontSize:20;--minFontSize:20;line-height:1.5;\"><a href=\"https:\/\/www.soletanche-bachy.com\/es\/icold-2026-en-guadalajara-soletanche-bachy-y-cimesa-en-la-cita-mundial-de-las-presas\/\" class=\"awb-custom-text-color awb-custom-text-hover-color\" target=\"_self\">ICOLD 2026 en Guadalajara: Soletanche Bachy y Cimesa en la cita mundial de las presas<\/a><\/h3><\/div><div class=\"fusion-separator fusion-full-width-sep\" style=\"align-self: center;margin-left: auto;margin-right: auto;margin-top:20px;width:100%;\"><\/div><\/div><\/div>\n<div class=\"fusion_builder_column fusion-builder-column-22 fusion-flex-column fusion-column-inner-bg-wrapper post-card swiper-slide\" style=\"--awb-inner-bg-blend:overlay;--awb-inner-bg-size:cover;--awb-box-shadow:4px 4px 5px 5px var(--awb-color2);;--awb-flex-grow:0;--awb-flex-shrink:0;--awb-flex-grow-medium:;--awb-flex-shrink-medium:;--awb-flex-grow-small:;--awb-flex-shrink-small:;\"><span class=\"fusion-column-inner-bg hover-type-zoomin\"><a class=\"fusion-column-anchor\" href=\"https:\/\/www.soletanche-bachy.com\/es\/como-se-fabrica-el-hormigon-bajo-en-carbono\/\"><span class=\"fusion-column-inner-bg-image\"><\/span><\/a><\/span><div class=\"fusion-column-wrapper fusion-column-has-shadow fusion-flex-justify-content-space-evenly fusion-content-layout-column fusion-carousel-item-wrapper\"><div class=\"fusion-classic-product-image-wrapper fusion-woo-product-image fusion-post-card-image fusion-post-card-image-1\" data-layout=\"static\"><div  class=\"fusion-image-wrapper\" aria-haspopup=\"true\">\n\t\t\t\t\t\t\t<a href=\"https:\/\/www.soletanche-bachy.com\/es\/como-se-fabrica-el-hormigon-bajo-en-carbono\/\" aria-label=\"\u00bfC\u00f3mo se fabrica el hormig\u00f3n bajo en carbono?\">\n\t\t\t\t\t\t\t<img decoding=\"async\" width=\"1089\" height=\"766\" src=\"https:\/\/www.soletanche-bachy.com\/wp-content\/uploads\/sites\/18\/2026\/06\/Capture-decran-2026-04-28-111737.png\" class=\"attachment-full size-full lazyload wp-post-image\" alt=\"\" srcset=\"data:image\/svg+xml,%3Csvg%20xmlns%3D%27http%3A%2F%2Fwww.w3.org%2F2000%2Fsvg%27%20width%3D%271089%27%20height%3D%27766%27%20viewBox%3D%270%200%201089%20766%27%3E%3Crect%20width%3D%271089%27%20height%3D%27766%27%20fill-opacity%3D%220%22%2F%3E%3C%2Fsvg%3E\" data-orig-src=\"https:\/\/www.soletanche-bachy.com\/wp-content\/uploads\/sites\/18\/2026\/06\/Capture-decran-2026-04-28-111737.png\" data-srcset=\"https:\/\/www.soletanche-bachy.com\/wp-content\/uploads\/sites\/18\/2026\/06\/Capture-decran-2026-04-28-111737-200x141.png 200w, https:\/\/www.soletanche-bachy.com\/wp-content\/uploads\/sites\/18\/2026\/06\/Capture-decran-2026-04-28-111737-400x281.png 400w, https:\/\/www.soletanche-bachy.com\/wp-content\/uploads\/sites\/18\/2026\/06\/Capture-decran-2026-04-28-111737-600x422.png 600w, https:\/\/www.soletanche-bachy.com\/wp-content\/uploads\/sites\/18\/2026\/06\/Capture-decran-2026-04-28-111737-800x563.png 800w, https:\/\/www.soletanche-bachy.com\/wp-content\/uploads\/sites\/18\/2026\/06\/Capture-decran-2026-04-28-111737.png 1089w\" data-sizes=\"auto\" \/>\t\t\t<\/a>\n\t\t\t\t\t\t\t<\/div>\n<\/div><div class=\"fusion-separator fusion-full-width-sep\" style=\"align-self: center;margin-left: auto;margin-right: auto;flex-grow:1;width:100%;\"><\/div><div class=\"fusion-title title fusion-title-17 fusion-sep-none fusion-title-center fusion-title-text fusion-title-size-three\" style=\"--awb-text-color:var(--awb-color7);--awb-margin-right:10px;--awb-margin-left:10px;--awb-margin-top-small:10px;--awb-margin-right-small:0px;--awb-margin-bottom-small:0px;--awb-margin-left-small:0px;--awb-font-size:20px;\"><h3 class=\"fusion-title-heading title-heading-center fusion-responsive-typography-calculated\" style=\"margin:0;font-size:1em;--fontSize:20;--minFontSize:20;line-height:1.5;\"><a href=\"https:\/\/www.soletanche-bachy.com\/es\/como-se-fabrica-el-hormigon-bajo-en-carbono\/\" class=\"awb-custom-text-color awb-custom-text-hover-color\" target=\"_self\">\u00bfC\u00f3mo se fabrica el hormig\u00f3n bajo en carbono?<\/a><\/h3><\/div><div class=\"fusion-separator fusion-full-width-sep\" style=\"align-self: center;margin-left: auto;margin-right: auto;margin-top:20px;width:100%;\"><\/div><\/div><\/div>\n<div class=\"fusion_builder_column fusion-builder-column-23 fusion-flex-column fusion-column-inner-bg-wrapper post-card swiper-slide\" style=\"--awb-inner-bg-blend:overlay;--awb-inner-bg-size:cover;--awb-box-shadow:4px 4px 5px 5px var(--awb-color2);;--awb-flex-grow:0;--awb-flex-shrink:0;--awb-flex-grow-medium:;--awb-flex-shrink-medium:;--awb-flex-grow-small:;--awb-flex-shrink-small:;\"><span class=\"fusion-column-inner-bg hover-type-zoomin\"><a class=\"fusion-column-anchor\" href=\"https:\/\/www.soletanche-bachy.com\/es\/podcast-ingenious-dans-les-bottes-de-marianne-bossu-des-etudes-de-projet-a-lencadrement-de-chantier\/\"><span class=\"fusion-column-inner-bg-image\"><\/span><\/a><\/span><div class=\"fusion-column-wrapper fusion-column-has-shadow fusion-flex-justify-content-space-evenly fusion-content-layout-column fusion-carousel-item-wrapper\"><div class=\"fusion-classic-product-image-wrapper fusion-woo-product-image fusion-post-card-image fusion-post-card-image-1\" data-layout=\"static\"><div  class=\"fusion-image-wrapper\" aria-haspopup=\"true\">\n\t\t\t\t\t\t\t<a href=\"https:\/\/www.soletanche-bachy.com\/es\/podcast-ingenious-dans-les-bottes-de-marianne-bossu-des-etudes-de-projet-a-lencadrement-de-chantier\/\" aria-label=\"[Podcast Ingenious] En los zapatos de Marianne: de los estudios de proyectos a la supervisi\u00f3n de obras\">\n\t\t\t\t\t\t\t<img decoding=\"async\" width=\"700\" height=\"450\" src=\"https:\/\/www.soletanche-bachy.com\/wp-content\/uploads\/sites\/18\/2026\/06\/Marianne-EN-2-e1785248895543.png\" class=\"attachment-full size-full lazyload wp-post-image\" alt=\"\" srcset=\"data:image\/svg+xml,%3Csvg%20xmlns%3D%27http%3A%2F%2Fwww.w3.org%2F2000%2Fsvg%27%20width%3D%27700%27%20height%3D%27450%27%20viewBox%3D%270%200%20700%20450%27%3E%3Crect%20width%3D%27700%27%20height%3D%27450%27%20fill-opacity%3D%220%22%2F%3E%3C%2Fsvg%3E\" data-orig-src=\"https:\/\/www.soletanche-bachy.com\/wp-content\/uploads\/sites\/18\/2026\/06\/Marianne-EN-2-e1785248895543.png\" data-srcset=\"https:\/\/www.soletanche-bachy.com\/wp-content\/uploads\/sites\/18\/2026\/06\/Marianne-EN-2-e1785248895543-200x129.png 200w, https:\/\/www.soletanche-bachy.com\/wp-content\/uploads\/sites\/18\/2026\/06\/Marianne-EN-2-e1785248895543-400x257.png 400w, https:\/\/www.soletanche-bachy.com\/wp-content\/uploads\/sites\/18\/2026\/06\/Marianne-EN-2-e1785248895543-600x386.png 600w, https:\/\/www.soletanche-bachy.com\/wp-content\/uploads\/sites\/18\/2026\/06\/Marianne-EN-2-e1785248895543.png 700w\" data-sizes=\"auto\" \/>\t\t\t<\/a>\n\t\t\t\t\t\t\t<\/div>\n<\/div><div class=\"fusion-separator fusion-full-width-sep\" style=\"align-self: center;margin-left: auto;margin-right: auto;flex-grow:1;width:100%;\"><\/div><div class=\"fusion-title title fusion-title-18 fusion-sep-none fusion-title-center fusion-title-text fusion-title-size-three\" style=\"--awb-text-color:var(--awb-color7);--awb-margin-right:10px;--awb-margin-left:10px;--awb-margin-top-small:10px;--awb-margin-right-small:0px;--awb-margin-bottom-small:0px;--awb-margin-left-small:0px;--awb-font-size:20px;\"><h3 class=\"fusion-title-heading title-heading-center fusion-responsive-typography-calculated\" style=\"margin:0;font-size:1em;--fontSize:20;--minFontSize:20;line-height:1.5;\"><a href=\"https:\/\/www.soletanche-bachy.com\/es\/podcast-ingenious-dans-les-bottes-de-marianne-bossu-des-etudes-de-projet-a-lencadrement-de-chantier\/\" class=\"awb-custom-text-color awb-custom-text-hover-color\" target=\"_self\">[Podcast Ingenious] En los zapatos de Marianne: de los estudios de proyectos a la supervisi\u00f3n de obras<\/a><\/h3><\/div><div class=\"fusion-separator fusion-full-width-sep\" style=\"align-self: center;margin-left: auto;margin-right: auto;margin-top:20px;width:100%;\"><\/div><\/div><\/div>\n<div class=\"fusion_builder_column fusion-builder-column-24 fusion-flex-column fusion-column-inner-bg-wrapper post-card swiper-slide\" style=\"--awb-inner-bg-blend:overlay;--awb-inner-bg-size:cover;--awb-box-shadow:4px 4px 5px 5px var(--awb-color2);;--awb-flex-grow:0;--awb-flex-shrink:0;--awb-flex-grow-medium:;--awb-flex-shrink-medium:;--awb-flex-grow-small:;--awb-flex-shrink-small:;\"><span class=\"fusion-column-inner-bg hover-type-zoomin\"><a class=\"fusion-column-anchor\" href=\"https:\/\/www.soletanche-bachy.com\/es\/soletanche-polska-celebra-sus-30-anos-e-inaugura-un-nuevo-deposito-de-material\/\"><span class=\"fusion-column-inner-bg-image\"><\/span><\/a><\/span><div class=\"fusion-column-wrapper fusion-column-has-shadow fusion-flex-justify-content-space-evenly fusion-content-layout-column fusion-carousel-item-wrapper\"><div class=\"fusion-classic-product-image-wrapper fusion-woo-product-image fusion-post-card-image fusion-post-card-image-1\" data-layout=\"static\"><div  class=\"fusion-image-wrapper\" aria-haspopup=\"true\">\n\t\t\t\t\t\t\t<a href=\"https:\/\/www.soletanche-bachy.com\/es\/soletanche-polska-celebra-sus-30-anos-e-inaugura-un-nuevo-deposito-de-material\/\" aria-label=\"\u00a1Soletanche Polska celebra sus 30 a\u00f1os e inaugura un nuevo dep\u00f3sito de material!\">\n\t\t\t\t\t\t\t<img decoding=\"async\" width=\"2560\" height=\"1707\" src=\"https:\/\/www.soletanche-bachy.com\/wp-content\/uploads\/sites\/18\/2026\/08\/Soletanche-07.05.26-hires-2-scaled.jpg\" class=\"attachment-full size-full lazyload wp-post-image\" alt=\"\" srcset=\"data:image\/svg+xml,%3Csvg%20xmlns%3D%27http%3A%2F%2Fwww.w3.org%2F2000%2Fsvg%27%20width%3D%272560%27%20height%3D%271707%27%20viewBox%3D%270%200%202560%201707%27%3E%3Crect%20width%3D%272560%27%20height%3D%271707%27%20fill-opacity%3D%220%22%2F%3E%3C%2Fsvg%3E\" data-orig-src=\"https:\/\/www.soletanche-bachy.com\/wp-content\/uploads\/sites\/18\/2026\/08\/Soletanche-07.05.26-hires-2-scaled.jpg\" data-srcset=\"https:\/\/www.soletanche-bachy.com\/wp-content\/uploads\/sites\/18\/2026\/08\/Soletanche-07.05.26-hires-2-200x133.jpg 200w, https:\/\/www.soletanche-bachy.com\/wp-content\/uploads\/sites\/18\/2026\/08\/Soletanche-07.05.26-hires-2-400x267.jpg 400w, https:\/\/www.soletanche-bachy.com\/wp-content\/uploads\/sites\/18\/2026\/08\/Soletanche-07.05.26-hires-2-600x400.jpg 600w, https:\/\/www.soletanche-bachy.com\/wp-content\/uploads\/sites\/18\/2026\/08\/Soletanche-07.05.26-hires-2-800x533.jpg 800w, https:\/\/www.soletanche-bachy.com\/wp-content\/uploads\/sites\/18\/2026\/08\/Soletanche-07.05.26-hires-2-1200x800.jpg 1200w, https:\/\/www.soletanche-bachy.com\/wp-content\/uploads\/sites\/18\/2026\/08\/Soletanche-07.05.26-hires-2-scaled.jpg 2560w\" data-sizes=\"auto\" \/>\t\t\t<\/a>\n\t\t\t\t\t\t\t<\/div>\n<\/div><div class=\"fusion-separator fusion-full-width-sep\" style=\"align-self: center;margin-left: auto;margin-right: auto;flex-grow:1;width:100%;\"><\/div><div class=\"fusion-title title fusion-title-19 fusion-sep-none fusion-title-center fusion-title-text fusion-title-size-three\" style=\"--awb-text-color:var(--awb-color7);--awb-margin-right:10px;--awb-margin-left:10px;--awb-margin-top-small:10px;--awb-margin-right-small:0px;--awb-margin-bottom-small:0px;--awb-margin-left-small:0px;--awb-font-size:20px;\"><h3 class=\"fusion-title-heading title-heading-center fusion-responsive-typography-calculated\" style=\"margin:0;font-size:1em;--fontSize:20;--minFontSize:20;line-height:1.5;\"><a href=\"https:\/\/www.soletanche-bachy.com\/es\/soletanche-polska-celebra-sus-30-anos-e-inaugura-un-nuevo-deposito-de-material\/\" class=\"awb-custom-text-color awb-custom-text-hover-color\" target=\"_self\">\u00a1Soletanche Polska celebra sus 30 a\u00f1os e inaugura un nuevo dep\u00f3sito de material!<\/a><\/h3><\/div><div class=\"fusion-separator fusion-full-width-sep\" style=\"align-self: center;margin-left: auto;margin-right: auto;margin-top:20px;width:100%;\"><\/div><\/div><\/div>\n<div class=\"fusion_builder_column fusion-builder-column-25 fusion-flex-column fusion-column-inner-bg-wrapper post-card swiper-slide\" style=\"--awb-inner-bg-blend:overlay;--awb-inner-bg-size:cover;--awb-box-shadow:4px 4px 5px 5px var(--awb-color2);;--awb-flex-grow:0;--awb-flex-shrink:0;--awb-flex-grow-medium:;--awb-flex-shrink-medium:;--awb-flex-grow-small:;--awb-flex-shrink-small:;\"><span class=\"fusion-column-inner-bg hover-type-zoomin\"><a class=\"fusion-column-anchor\" href=\"https:\/\/www.soletanche-bachy.com\/es\/puente-peatonal-de-birtinya\/\"><span class=\"fusion-column-inner-bg-image\"><\/span><\/a><\/span><div class=\"fusion-column-wrapper fusion-column-has-shadow fusion-flex-justify-content-space-evenly fusion-content-layout-column fusion-carousel-item-wrapper\"><div class=\"fusion-classic-product-image-wrapper fusion-woo-product-image fusion-post-card-image fusion-post-card-image-1\" data-layout=\"static\"><div  class=\"fusion-image-wrapper\" aria-haspopup=\"true\">\n\t\t\t\t\t\t\t<a href=\"https:\/\/www.soletanche-bachy.com\/es\/puente-peatonal-de-birtinya\/\" aria-label=\"Puente Peatonal de Birtinya: Brady Marine &#038; Civil entrega un hito atirantado en la Sunshine Coast\">\n\t\t\t\t\t\t\t<img decoding=\"async\" width=\"500\" height=\"304\" src=\"https:\/\/www.soletanche-bachy.com\/wp-content\/uploads\/sites\/18\/2026\/07\/Birtinya-Nearing-Completion-1-e1785316983191.jpg\" class=\"attachment-full size-full lazyload wp-post-image\" alt=\"\" srcset=\"data:image\/svg+xml,%3Csvg%20xmlns%3D%27http%3A%2F%2Fwww.w3.org%2F2000%2Fsvg%27%20width%3D%27500%27%20height%3D%27304%27%20viewBox%3D%270%200%20500%20304%27%3E%3Crect%20width%3D%27500%27%20height%3D%27304%27%20fill-opacity%3D%220%22%2F%3E%3C%2Fsvg%3E\" data-orig-src=\"https:\/\/www.soletanche-bachy.com\/wp-content\/uploads\/sites\/18\/2026\/07\/Birtinya-Nearing-Completion-1-e1785316983191.jpg\" data-srcset=\"https:\/\/www.soletanche-bachy.com\/wp-content\/uploads\/sites\/18\/2026\/07\/Birtinya-Nearing-Completion-1-e1785316983191-200x122.jpg 200w, https:\/\/www.soletanche-bachy.com\/wp-content\/uploads\/sites\/18\/2026\/07\/Birtinya-Nearing-Completion-1-e1785316983191-400x243.jpg 400w, https:\/\/www.soletanche-bachy.com\/wp-content\/uploads\/sites\/18\/2026\/07\/Birtinya-Nearing-Completion-1-e1785316983191.jpg 500w\" data-sizes=\"auto\" \/>\t\t\t<\/a>\n\t\t\t\t\t\t\t<\/div>\n<\/div><div class=\"fusion-separator fusion-full-width-sep\" style=\"align-self: center;margin-left: auto;margin-right: auto;flex-grow:1;width:100%;\"><\/div><div class=\"fusion-title title fusion-title-20 fusion-sep-none fusion-title-center fusion-title-text fusion-title-size-three\" style=\"--awb-text-color:var(--awb-color7);--awb-margin-right:10px;--awb-margin-left:10px;--awb-margin-top-small:10px;--awb-margin-right-small:0px;--awb-margin-bottom-small:0px;--awb-margin-left-small:0px;--awb-font-size:20px;\"><h3 class=\"fusion-title-heading title-heading-center fusion-responsive-typography-calculated\" style=\"margin:0;font-size:1em;--fontSize:20;--minFontSize:20;line-height:1.5;\"><a href=\"https:\/\/www.soletanche-bachy.com\/es\/puente-peatonal-de-birtinya\/\" class=\"awb-custom-text-color awb-custom-text-hover-color\" target=\"_self\">Puente Peatonal de Birtinya: Brady Marine &#038; Civil entrega un hito atirantado en la Sunshine Coast<\/a><\/h3><\/div><div class=\"fusion-separator fusion-full-width-sep\" style=\"align-self: center;margin-left: auto;margin-right: auto;margin-top:20px;width:100%;\"><\/div><\/div><\/div>\n<div class=\"fusion_builder_column fusion-builder-column-26 fusion-flex-column fusion-column-inner-bg-wrapper post-card swiper-slide\" style=\"--awb-inner-bg-blend:overlay;--awb-inner-bg-size:cover;--awb-box-shadow:4px 4px 5px 5px var(--awb-color2);;--awb-flex-grow:0;--awb-flex-shrink:0;--awb-flex-grow-medium:;--awb-flex-shrink-medium:;--awb-flex-grow-small:;--awb-flex-shrink-small:;\"><span class=\"fusion-column-inner-bg hover-type-zoomin\"><a class=\"fusion-column-anchor\" href=\"https:\/\/www.soletanche-bachy.com\/es\/petra-imperiale-un-nuevo-icono-de-asuncion-cimentado-por-soletanche-bachy-paraguay\/\"><span class=\"fusion-column-inner-bg-image\"><\/span><\/a><\/span><div class=\"fusion-column-wrapper fusion-column-has-shadow fusion-flex-justify-content-space-evenly fusion-content-layout-column fusion-carousel-item-wrapper\"><div class=\"fusion-classic-product-image-wrapper fusion-woo-product-image fusion-post-card-image fusion-post-card-image-1\" data-layout=\"static\"><div  class=\"fusion-image-wrapper\" aria-haspopup=\"true\">\n\t\t\t\t\t\t\t<a href=\"https:\/\/www.soletanche-bachy.com\/es\/petra-imperiale-un-nuevo-icono-de-asuncion-cimentado-por-soletanche-bachy-paraguay\/\" aria-label=\"Petra Imperiale: un nuevo \u00edcono de Asunci\u00f3n, cimentado por Soletanche Bachy Paraguay\">\n\t\t\t\t\t\t\t<img decoding=\"async\" width=\"1100\" height=\"720\" src=\"https:\/\/www.soletanche-bachy.com\/wp-content\/uploads\/sites\/18\/2026\/08\/WhatsApp-Image-2026-03-24-at-14.36.08-e1785745349741.jpeg\" class=\"attachment-full size-full lazyload wp-post-image\" alt=\"\" srcset=\"data:image\/svg+xml,%3Csvg%20xmlns%3D%27http%3A%2F%2Fwww.w3.org%2F2000%2Fsvg%27%20width%3D%271100%27%20height%3D%27720%27%20viewBox%3D%270%200%201100%20720%27%3E%3Crect%20width%3D%271100%27%20height%3D%27720%27%20fill-opacity%3D%220%22%2F%3E%3C%2Fsvg%3E\" data-orig-src=\"https:\/\/www.soletanche-bachy.com\/wp-content\/uploads\/sites\/18\/2026\/08\/WhatsApp-Image-2026-03-24-at-14.36.08-e1785745349741.jpeg\" data-srcset=\"https:\/\/www.soletanche-bachy.com\/wp-content\/uploads\/sites\/18\/2026\/08\/WhatsApp-Image-2026-03-24-at-14.36.08-e1785745349741-200x131.jpeg 200w, https:\/\/www.soletanche-bachy.com\/wp-content\/uploads\/sites\/18\/2026\/08\/WhatsApp-Image-2026-03-24-at-14.36.08-e1785745349741-400x262.jpeg 400w, https:\/\/www.soletanche-bachy.com\/wp-content\/uploads\/sites\/18\/2026\/08\/WhatsApp-Image-2026-03-24-at-14.36.08-e1785745349741-600x393.jpeg 600w, https:\/\/www.soletanche-bachy.com\/wp-content\/uploads\/sites\/18\/2026\/08\/WhatsApp-Image-2026-03-24-at-14.36.08-e1785745349741-800x524.jpeg 800w, https:\/\/www.soletanche-bachy.com\/wp-content\/uploads\/sites\/18\/2026\/08\/WhatsApp-Image-2026-03-24-at-14.36.08-e1785745349741.jpeg 1100w\" data-sizes=\"auto\" \/>\t\t\t<\/a>\n\t\t\t\t\t\t\t<\/div>\n<\/div><div class=\"fusion-separator fusion-full-width-sep\" style=\"align-self: center;margin-left: auto;margin-right: auto;flex-grow:1;width:100%;\"><\/div><div class=\"fusion-title title fusion-title-21 fusion-sep-none fusion-title-center fusion-title-text fusion-title-size-three\" style=\"--awb-text-color:var(--awb-color7);--awb-margin-right:10px;--awb-margin-left:10px;--awb-margin-top-small:10px;--awb-margin-right-small:0px;--awb-margin-bottom-small:0px;--awb-margin-left-small:0px;--awb-font-size:20px;\"><h3 class=\"fusion-title-heading title-heading-center fusion-responsive-typography-calculated\" style=\"margin:0;font-size:1em;--fontSize:20;--minFontSize:20;line-height:1.5;\"><a href=\"https:\/\/www.soletanche-bachy.com\/es\/petra-imperiale-un-nuevo-icono-de-asuncion-cimentado-por-soletanche-bachy-paraguay\/\" class=\"awb-custom-text-color awb-custom-text-hover-color\" target=\"_self\">Petra Imperiale: un nuevo \u00edcono de Asunci\u00f3n, cimentado por Soletanche Bachy Paraguay<\/a><\/h3><\/div><div class=\"fusion-separator fusion-full-width-sep\" style=\"align-self: center;margin-left: auto;margin-right: auto;margin-top:20px;width:100%;\"><\/div><\/div><\/div>\n<div class=\"fusion_builder_column fusion-builder-column-27 fusion-flex-column fusion-column-inner-bg-wrapper post-card swiper-slide\" style=\"--awb-inner-bg-blend:overlay;--awb-inner-bg-size:cover;--awb-box-shadow:4px 4px 5px 5px var(--awb-color2);;--awb-flex-grow:0;--awb-flex-shrink:0;--awb-flex-grow-medium:;--awb-flex-shrink-medium:;--awb-flex-grow-small:;--awb-flex-shrink-small:;\"><span class=\"fusion-column-inner-bg hover-type-zoomin\"><a class=\"fusion-column-anchor\" href=\"https:\/\/www.soletanche-bachy.com\/es\/soletanche-bachy-fondations-speciales-participa-en-la-rehabilitacion-de-una-presa-en-occitania\/\"><span class=\"fusion-column-inner-bg-image\"><\/span><\/a><\/span><div class=\"fusion-column-wrapper fusion-column-has-shadow fusion-flex-justify-content-space-evenly fusion-content-layout-column fusion-carousel-item-wrapper\"><div class=\"fusion-classic-product-image-wrapper fusion-woo-product-image fusion-post-card-image fusion-post-card-image-1\" data-layout=\"static\"><div  class=\"fusion-image-wrapper\" aria-haspopup=\"true\">\n\t\t\t\t\t\t\t<a href=\"https:\/\/www.soletanche-bachy.com\/es\/soletanche-bachy-fondations-speciales-participa-en-la-rehabilitacion-de-una-presa-en-occitania\/\" aria-label=\"Soletanche Bachy Fondations Sp\u00e9ciales participa en la rehabilitaci\u00f3n de una presa en Occitania\">\n\t\t\t\t\t\t\t<img decoding=\"async\" width=\"2560\" height=\"1707\" src=\"https:\/\/www.soletanche-bachy.com\/wp-content\/uploads\/sites\/18\/2026\/08\/CH_20260226_005-scaled.jpg\" class=\"attachment-full size-full lazyload wp-post-image\" alt=\"\" srcset=\"data:image\/svg+xml,%3Csvg%20xmlns%3D%27http%3A%2F%2Fwww.w3.org%2F2000%2Fsvg%27%20width%3D%272560%27%20height%3D%271707%27%20viewBox%3D%270%200%202560%201707%27%3E%3Crect%20width%3D%272560%27%20height%3D%271707%27%20fill-opacity%3D%220%22%2F%3E%3C%2Fsvg%3E\" data-orig-src=\"https:\/\/www.soletanche-bachy.com\/wp-content\/uploads\/sites\/18\/2026\/08\/CH_20260226_005-scaled.jpg\" data-srcset=\"https:\/\/www.soletanche-bachy.com\/wp-content\/uploads\/sites\/18\/2026\/08\/CH_20260226_005-200x133.jpg 200w, https:\/\/www.soletanche-bachy.com\/wp-content\/uploads\/sites\/18\/2026\/08\/CH_20260226_005-400x267.jpg 400w, https:\/\/www.soletanche-bachy.com\/wp-content\/uploads\/sites\/18\/2026\/08\/CH_20260226_005-600x400.jpg 600w, https:\/\/www.soletanche-bachy.com\/wp-content\/uploads\/sites\/18\/2026\/08\/CH_20260226_005-800x533.jpg 800w, https:\/\/www.soletanche-bachy.com\/wp-content\/uploads\/sites\/18\/2026\/08\/CH_20260226_005-1200x800.jpg 1200w, https:\/\/www.soletanche-bachy.com\/wp-content\/uploads\/sites\/18\/2026\/08\/CH_20260226_005-scaled.jpg 2560w\" data-sizes=\"auto\" \/>\t\t\t<\/a>\n\t\t\t\t\t\t\t<\/div>\n<\/div><div class=\"fusion-separator fusion-full-width-sep\" style=\"align-self: center;margin-left: auto;margin-right: auto;flex-grow:1;width:100%;\"><\/div><div class=\"fusion-title title fusion-title-22 fusion-sep-none fusion-title-center fusion-title-text fusion-title-size-three\" style=\"--awb-text-color:var(--awb-color7);--awb-margin-right:10px;--awb-margin-left:10px;--awb-margin-top-small:10px;--awb-margin-right-small:0px;--awb-margin-bottom-small:0px;--awb-margin-left-small:0px;--awb-font-size:20px;\"><h3 class=\"fusion-title-heading title-heading-center fusion-responsive-typography-calculated\" style=\"margin:0;font-size:1em;--fontSize:20;--minFontSize:20;line-height:1.5;\"><a href=\"https:\/\/www.soletanche-bachy.com\/es\/soletanche-bachy-fondations-speciales-participa-en-la-rehabilitacion-de-una-presa-en-occitania\/\" class=\"awb-custom-text-color awb-custom-text-hover-color\" target=\"_self\">Soletanche Bachy Fondations Sp\u00e9ciales participa en la rehabilitaci\u00f3n de una presa en Occitania<\/a><\/h3><\/div><div class=\"fusion-separator fusion-full-width-sep\" style=\"align-self: center;margin-left: auto;margin-right: auto;margin-top:20px;width:100%;\"><\/div><\/div><\/div>\n<div class=\"fusion_builder_column fusion-builder-column-28 fusion-flex-column fusion-column-inner-bg-wrapper post-card swiper-slide\" style=\"--awb-inner-bg-blend:overlay;--awb-inner-bg-size:cover;--awb-box-shadow:4px 4px 5px 5px var(--awb-color2);;--awb-flex-grow:0;--awb-flex-shrink:0;--awb-flex-grow-medium:;--awb-flex-shrink-medium:;--awb-flex-grow-small:;--awb-flex-shrink-small:;\"><span class=\"fusion-column-inner-bg hover-type-zoomin\"><a class=\"fusion-column-anchor\" href=\"https:\/\/www.soletanche-bachy.com\/es\/soletanche-bachy-gana-un-contrato-para-un-proyecto-de-pantalla-impermeable-en-el-aeropuerto-de-kansai-japon\/\"><span class=\"fusion-column-inner-bg-image\"><\/span><\/a><\/span><div class=\"fusion-column-wrapper fusion-column-has-shadow fusion-flex-justify-content-space-evenly fusion-content-layout-column fusion-carousel-item-wrapper\"><div class=\"fusion-classic-product-image-wrapper fusion-woo-product-image fusion-post-card-image fusion-post-card-image-1\" data-layout=\"static\"><div  class=\"fusion-image-wrapper\" aria-haspopup=\"true\">\n\t\t\t\t\t\t\t<a href=\"https:\/\/www.soletanche-bachy.com\/es\/soletanche-bachy-gana-un-contrato-para-un-proyecto-de-pantalla-impermeable-en-el-aeropuerto-de-kansai-japon\/\" aria-label=\"Soletanche Bachy gana un contrato para un proyecto de pantalla impermeable en el Aeropuerto de Kansai (Jap\u00f3n)\">\n\t\t\t\t\t\t\t<img decoding=\"async\" width=\"860\" height=\"440\" src=\"https:\/\/www.soletanche-bachy.com\/wp-content\/uploads\/sites\/18\/2026\/04\/KIX_02.jpg\" class=\"attachment-full size-full lazyload wp-post-image\" alt=\"\" srcset=\"data:image\/svg+xml,%3Csvg%20xmlns%3D%27http%3A%2F%2Fwww.w3.org%2F2000%2Fsvg%27%20width%3D%27860%27%20height%3D%27440%27%20viewBox%3D%270%200%20860%20440%27%3E%3Crect%20width%3D%27860%27%20height%3D%27440%27%20fill-opacity%3D%220%22%2F%3E%3C%2Fsvg%3E\" data-orig-src=\"https:\/\/www.soletanche-bachy.com\/wp-content\/uploads\/sites\/18\/2026\/04\/KIX_02.jpg\" data-srcset=\"https:\/\/www.soletanche-bachy.com\/wp-content\/uploads\/sites\/18\/2026\/04\/KIX_02-200x102.jpg 200w, https:\/\/www.soletanche-bachy.com\/wp-content\/uploads\/sites\/18\/2026\/04\/KIX_02-400x205.jpg 400w, https:\/\/www.soletanche-bachy.com\/wp-content\/uploads\/sites\/18\/2026\/04\/KIX_02-600x307.jpg 600w, https:\/\/www.soletanche-bachy.com\/wp-content\/uploads\/sites\/18\/2026\/04\/KIX_02-800x409.jpg 800w, https:\/\/www.soletanche-bachy.com\/wp-content\/uploads\/sites\/18\/2026\/04\/KIX_02.jpg 860w\" data-sizes=\"auto\" \/>\t\t\t<\/a>\n\t\t\t\t\t\t\t<\/div>\n<\/div><div class=\"fusion-separator fusion-full-width-sep\" style=\"align-self: center;margin-left: auto;margin-right: auto;flex-grow:1;width:100%;\"><\/div><div class=\"fusion-title title fusion-title-23 fusion-sep-none fusion-title-center fusion-title-text fusion-title-size-three\" style=\"--awb-text-color:var(--awb-color7);--awb-margin-right:10px;--awb-margin-left:10px;--awb-margin-top-small:10px;--awb-margin-right-small:0px;--awb-margin-bottom-small:0px;--awb-margin-left-small:0px;--awb-font-size:20px;\"><h3 class=\"fusion-title-heading title-heading-center fusion-responsive-typography-calculated\" style=\"margin:0;font-size:1em;--fontSize:20;--minFontSize:20;line-height:1.5;\"><a href=\"https:\/\/www.soletanche-bachy.com\/es\/soletanche-bachy-gana-un-contrato-para-un-proyecto-de-pantalla-impermeable-en-el-aeropuerto-de-kansai-japon\/\" class=\"awb-custom-text-color awb-custom-text-hover-color\" target=\"_self\">Soletanche Bachy gana un contrato para un proyecto de pantalla impermeable en el Aeropuerto de Kansai (Jap\u00f3n)<\/a><\/h3><\/div><div class=\"fusion-separator fusion-full-width-sep\" style=\"align-self: center;margin-left: auto;margin-right: auto;margin-top:20px;width:100%;\"><\/div><\/div><\/div>\n<div class=\"fusion_builder_column fusion-builder-column-29 fusion-flex-column fusion-column-inner-bg-wrapper post-card swiper-slide\" style=\"--awb-inner-bg-blend:overlay;--awb-inner-bg-size:cover;--awb-box-shadow:4px 4px 5px 5px var(--awb-color2);;--awb-flex-grow:0;--awb-flex-shrink:0;--awb-flex-grow-medium:;--awb-flex-shrink-medium:;--awb-flex-grow-small:;--awb-flex-shrink-small:;\"><span class=\"fusion-column-inner-bg hover-type-zoomin\"><a class=\"fusion-column-anchor\" href=\"https:\/\/www.soletanche-bachy.com\/es\/swan-river-crossings-brady-marine-civil-afronta-el-desafio-del-primer-puente-extradosado-de-australia\/\"><span class=\"fusion-column-inner-bg-image\"><\/span><\/a><\/span><div class=\"fusion-column-wrapper fusion-column-has-shadow fusion-flex-justify-content-space-evenly fusion-content-layout-column fusion-carousel-item-wrapper\"><div class=\"fusion-classic-product-image-wrapper fusion-woo-product-image fusion-post-card-image fusion-post-card-image-1\" data-layout=\"static\"><div  class=\"fusion-image-wrapper\" aria-haspopup=\"true\">\n\t\t\t\t\t\t\t<a href=\"https:\/\/www.soletanche-bachy.com\/es\/swan-river-crossings-brady-marine-civil-afronta-el-desafio-del-primer-puente-extradosado-de-australia\/\" aria-label=\"Swan River Crossings: Brady Marine &#038; Civil afronta el desaf\u00edo del primer puente extradosado de Australia\">\n\t\t\t\t\t\t\t<img decoding=\"async\" width=\"600\" height=\"400\" src=\"data:image\/svg+xml,%3Csvg%20xmlns%3D%27http%3A%2F%2Fwww.w3.org%2F2000%2Fsvg%27%20width%3D%27600%27%20height%3D%27400%27%20viewBox%3D%270%200%20600%20400%27%3E%3Crect%20width%3D%27600%27%20height%3D%27400%27%20fill-opacity%3D%220%22%2F%3E%3C%2Fsvg%3E\" class=\"attachment-full size-full lazyload wp-post-image\" alt=\"\" data-orig-src=\"https:\/\/www.soletanche-bachy.com\/wp-content\/uploads\/sites\/18\/2026\/08\/Swan-River-Crossing-Pilecap-Placement-1-e1785747943527.jpg\" \/>\t\t\t<\/a>\n\t\t\t\t\t\t\t<\/div>\n<\/div><div class=\"fusion-separator fusion-full-width-sep\" style=\"align-self: center;margin-left: auto;margin-right: auto;flex-grow:1;width:100%;\"><\/div><div class=\"fusion-title title fusion-title-24 fusion-sep-none fusion-title-center fusion-title-text fusion-title-size-three\" style=\"--awb-text-color:var(--awb-color7);--awb-margin-right:10px;--awb-margin-left:10px;--awb-margin-top-small:10px;--awb-margin-right-small:0px;--awb-margin-bottom-small:0px;--awb-margin-left-small:0px;--awb-font-size:20px;\"><h3 class=\"fusion-title-heading title-heading-center fusion-responsive-typography-calculated\" style=\"margin:0;font-size:1em;--fontSize:20;--minFontSize:20;line-height:1.5;\"><a href=\"https:\/\/www.soletanche-bachy.com\/es\/swan-river-crossings-brady-marine-civil-afronta-el-desafio-del-primer-puente-extradosado-de-australia\/\" class=\"awb-custom-text-color awb-custom-text-hover-color\" target=\"_self\">Swan River Crossings: Brady Marine &#038; Civil afronta el desaf\u00edo del primer puente extradosado de Australia<\/a><\/h3><\/div><div class=\"fusion-separator fusion-full-width-sep\" style=\"align-self: center;margin-left: auto;margin-right: auto;margin-top:20px;width:100%;\"><\/div><\/div><\/div>\n<div class=\"fusion_builder_column fusion-builder-column-30 fusion-flex-column fusion-column-inner-bg-wrapper post-card swiper-slide\" style=\"--awb-inner-bg-blend:overlay;--awb-inner-bg-size:cover;--awb-box-shadow:4px 4px 5px 5px var(--awb-color2);;--awb-flex-grow:0;--awb-flex-shrink:0;--awb-flex-grow-medium:;--awb-flex-shrink-medium:;--awb-flex-grow-small:;--awb-flex-shrink-small:;\"><span class=\"fusion-column-inner-bg hover-type-zoomin\"><a class=\"fusion-column-anchor\" href=\"https:\/\/www.soletanche-bachy.com\/es\/podcast-ingenious-en-los-zapatos-de-julien-escucha-el-primer-episodio-del-nuevo-programa-del-podcast-ingenious\/\"><span class=\"fusion-column-inner-bg-image\"><\/span><\/a><\/span><div class=\"fusion-column-wrapper fusion-column-has-shadow fusion-flex-justify-content-space-evenly fusion-content-layout-column fusion-carousel-item-wrapper\"><div class=\"fusion-classic-product-image-wrapper fusion-woo-product-image fusion-post-card-image fusion-post-card-image-1\" data-layout=\"static\"><div  class=\"fusion-image-wrapper\" aria-haspopup=\"true\">\n\t\t\t\t\t\t\t<a href=\"https:\/\/www.soletanche-bachy.com\/es\/podcast-ingenious-en-los-zapatos-de-julien-escucha-el-primer-episodio-del-nuevo-programa-del-podcast-ingenious\/\" aria-label=\"[Podcast Ingenious] \u201cEn los zapatos de Julien\u201d Escucha el primer episodio del nuevo programa del podcast Ingenious\">\n\t\t\t\t\t\t\t<img decoding=\"async\" width=\"1400\" height=\"973\" src=\"https:\/\/www.soletanche-bachy.com\/wp-content\/uploads\/sites\/18\/2026\/08\/Julien-1-1-e1785752748167.png\" class=\"attachment-full size-full lazyload wp-post-image\" alt=\"\" srcset=\"data:image\/svg+xml,%3Csvg%20xmlns%3D%27http%3A%2F%2Fwww.w3.org%2F2000%2Fsvg%27%20width%3D%271400%27%20height%3D%27973%27%20viewBox%3D%270%200%201400%20973%27%3E%3Crect%20width%3D%271400%27%20height%3D%27973%27%20fill-opacity%3D%220%22%2F%3E%3C%2Fsvg%3E\" data-orig-src=\"https:\/\/www.soletanche-bachy.com\/wp-content\/uploads\/sites\/18\/2026\/08\/Julien-1-1-e1785752748167.png\" data-srcset=\"https:\/\/www.soletanche-bachy.com\/wp-content\/uploads\/sites\/18\/2026\/08\/Julien-1-1-e1785752748167-200x139.png 200w, https:\/\/www.soletanche-bachy.com\/wp-content\/uploads\/sites\/18\/2026\/08\/Julien-1-1-e1785752748167-400x278.png 400w, https:\/\/www.soletanche-bachy.com\/wp-content\/uploads\/sites\/18\/2026\/08\/Julien-1-1-e1785752748167-600x417.png 600w, https:\/\/www.soletanche-bachy.com\/wp-content\/uploads\/sites\/18\/2026\/08\/Julien-1-1-e1785752748167-800x556.png 800w, https:\/\/www.soletanche-bachy.com\/wp-content\/uploads\/sites\/18\/2026\/08\/Julien-1-1-e1785752748167-1200x834.png 1200w, https:\/\/www.soletanche-bachy.com\/wp-content\/uploads\/sites\/18\/2026\/08\/Julien-1-1-e1785752748167.png 1400w\" data-sizes=\"auto\" \/>\t\t\t<\/a>\n\t\t\t\t\t\t\t<\/div>\n<\/div><div class=\"fusion-separator fusion-full-width-sep\" style=\"align-self: center;margin-left: auto;margin-right: auto;flex-grow:1;width:100%;\"><\/div><div class=\"fusion-title title fusion-title-25 fusion-sep-none fusion-title-center fusion-title-text fusion-title-size-three\" style=\"--awb-text-color:var(--awb-color7);--awb-margin-right:10px;--awb-margin-left:10px;--awb-margin-top-small:10px;--awb-margin-right-small:0px;--awb-margin-bottom-small:0px;--awb-margin-left-small:0px;--awb-font-size:20px;\"><h3 class=\"fusion-title-heading title-heading-center fusion-responsive-typography-calculated\" style=\"margin:0;font-size:1em;--fontSize:20;--minFontSize:20;line-height:1.5;\"><a href=\"https:\/\/www.soletanche-bachy.com\/es\/podcast-ingenious-en-los-zapatos-de-julien-escucha-el-primer-episodio-del-nuevo-programa-del-podcast-ingenious\/\" class=\"awb-custom-text-color awb-custom-text-hover-color\" target=\"_self\">[Podcast Ingenious] \u201cEn los zapatos de Julien\u201d Escucha el primer episodio del nuevo programa del podcast Ingenious<\/a><\/h3><\/div><div class=\"fusion-separator fusion-full-width-sep\" style=\"align-self: center;margin-left: auto;margin-right: auto;margin-top:20px;width:100%;\"><\/div><\/div><\/div>\n<div class=\"fusion_builder_column fusion-builder-column-31 fusion-flex-column fusion-column-inner-bg-wrapper post-card swiper-slide\" style=\"--awb-inner-bg-blend:overlay;--awb-inner-bg-size:cover;--awb-box-shadow:4px 4px 5px 5px var(--awb-color2);;--awb-flex-grow:0;--awb-flex-shrink:0;--awb-flex-grow-medium:;--awb-flex-shrink-medium:;--awb-flex-grow-small:;--awb-flex-shrink-small:;\"><span class=\"fusion-column-inner-bg hover-type-zoomin\"><a class=\"fusion-column-anchor\" href=\"https:\/\/www.soletanche-bachy.com\/es\/forshore-soletanche-bachy-acelera-la-construccion-de-la-terminal-de-cruceros-celebration-key-en-las-bahamas\/\"><span class=\"fusion-column-inner-bg-image\"><\/span><\/a><\/span><div class=\"fusion-column-wrapper fusion-column-has-shadow fusion-flex-justify-content-space-evenly fusion-content-layout-column fusion-carousel-item-wrapper\"><div class=\"fusion-classic-product-image-wrapper fusion-woo-product-image fusion-post-card-image fusion-post-card-image-1\" data-layout=\"static\"><div  class=\"fusion-image-wrapper\" aria-haspopup=\"true\">\n\t\t\t\t\t\t\t<a href=\"https:\/\/www.soletanche-bachy.com\/es\/forshore-soletanche-bachy-acelera-la-construccion-de-la-terminal-de-cruceros-celebration-key-en-las-bahamas\/\" aria-label=\"ForSHORE: Soletanche Bachy acelera la construcci\u00f3n de la terminal de cruceros Celebration Key en las Bahamas\">\n\t\t\t\t\t\t\t<img decoding=\"async\" width=\"860\" height=\"440\" src=\"https:\/\/www.soletanche-bachy.com\/wp-content\/uploads\/sites\/18\/2026\/03\/250901_2-ok.jpg\" class=\"attachment-full size-full lazyload wp-post-image\" alt=\"\" srcset=\"data:image\/svg+xml,%3Csvg%20xmlns%3D%27http%3A%2F%2Fwww.w3.org%2F2000%2Fsvg%27%20width%3D%27860%27%20height%3D%27440%27%20viewBox%3D%270%200%20860%20440%27%3E%3Crect%20width%3D%27860%27%20height%3D%27440%27%20fill-opacity%3D%220%22%2F%3E%3C%2Fsvg%3E\" data-orig-src=\"https:\/\/www.soletanche-bachy.com\/wp-content\/uploads\/sites\/18\/2026\/03\/250901_2-ok.jpg\" data-srcset=\"https:\/\/www.soletanche-bachy.com\/wp-content\/uploads\/sites\/18\/2026\/03\/250901_2-ok-200x102.jpg 200w, https:\/\/www.soletanche-bachy.com\/wp-content\/uploads\/sites\/18\/2026\/03\/250901_2-ok-400x205.jpg 400w, https:\/\/www.soletanche-bachy.com\/wp-content\/uploads\/sites\/18\/2026\/03\/250901_2-ok-600x307.jpg 600w, https:\/\/www.soletanche-bachy.com\/wp-content\/uploads\/sites\/18\/2026\/03\/250901_2-ok-800x409.jpg 800w, https:\/\/www.soletanche-bachy.com\/wp-content\/uploads\/sites\/18\/2026\/03\/250901_2-ok.jpg 860w\" data-sizes=\"auto\" \/>\t\t\t<\/a>\n\t\t\t\t\t\t\t<\/div>\n<\/div><div class=\"fusion-separator fusion-full-width-sep\" style=\"align-self: center;margin-left: auto;margin-right: auto;flex-grow:1;width:100%;\"><\/div><div class=\"fusion-title title fusion-title-26 fusion-sep-none fusion-title-center fusion-title-text fusion-title-size-three\" style=\"--awb-text-color:var(--awb-color7);--awb-margin-right:10px;--awb-margin-left:10px;--awb-margin-top-small:10px;--awb-margin-right-small:0px;--awb-margin-bottom-small:0px;--awb-margin-left-small:0px;--awb-font-size:20px;\"><h3 class=\"fusion-title-heading title-heading-center fusion-responsive-typography-calculated\" style=\"margin:0;font-size:1em;--fontSize:20;--minFontSize:20;line-height:1.5;\"><a href=\"https:\/\/www.soletanche-bachy.com\/es\/forshore-soletanche-bachy-acelera-la-construccion-de-la-terminal-de-cruceros-celebration-key-en-las-bahamas\/\" class=\"awb-custom-text-color awb-custom-text-hover-color\" target=\"_self\">ForSHORE: Soletanche Bachy acelera la construcci\u00f3n de la terminal de cruceros Celebration Key en las Bahamas<\/a><\/h3><\/div><div class=\"fusion-separator fusion-full-width-sep\" style=\"align-self: center;margin-left: auto;margin-right: auto;margin-top:20px;width:100%;\"><\/div><\/div><\/div>\n<\/div><div class=\"awb-swiper-button awb-swiper-button-prev\"><i class=\"awb-icon-angle-left\" aria-hidden=\"true\"><\/i><\/div><div class=\"awb-swiper-button awb-swiper-button-next\"><i class=\"awb-icon-angle-right\" aria-hidden=\"true\"><\/i><\/div><\/div><\/div><\/div><div class=\"fusion-layout-column fusion_builder_column fusion-builder-column-32 fusion_builder_column_1_1 1_1 fusion-flex-column fusion-no-medium-visibility fusion-no-large-visibility\" style=\"--awb-bg-size:cover;--awb-width-large:100%;--awb-flex-grow:0;--awb-flex-shrink:0;--awb-margin-top-large:0px;--awb-spacing-right-large:1.92%;--awb-margin-bottom-large:15px;--awb-spacing-left-large:1.92%;--awb-width-medium:100%;--awb-order-medium:0;--awb-flex-grow-medium:;--awb-flex-shrink-medium:;--awb-spacing-right-medium:1.92%;--awb-spacing-left-medium:1.92%;--awb-width-small:100%;--awb-order-small:0;--awb-flex-grow-small:;--awb-flex-shrink-small:;--awb-spacing-right-small:1.92%;--awb-spacing-left-small:1.92%;\"><div class=\"fusion-column-wrapper fusion-column-has-shadow fusion-flex-justify-content-flex-start fusion-content-layout-column\"><div class=\"fusion-no-medium-visibility fusion-no-large-visibility\" style=\"text-align:center;\"><a class=\"fusion-button button-flat button-medium button-custom fusion-button-default button-3 fusion-button-default-span fusion-button-default-type\" style=\"--button_accent_color:#004489;--button_border_color:#004489;--button_accent_hover_color:#ffffff;--button_border_hover_color:#004489;--button_border_width-top:1px;--button_border_width-right:1px;--button_border_width-bottom:1px;--button_border_width-left:1px;--button-border-radius-top-left:6px;--button-border-radius-top-right:6px;--button-border-radius-bottom-right:6px;--button-border-radius-bottom-left:6px;--button_gradient_top_color:#ffffff;--button_gradient_bottom_color:#ffffff;--button_gradient_top_color_hover:#004489;--button_gradient_bottom_color_hover:#004489;--button_text_transform:none;\" target=\"_self\" href=\"https:\/\/www.soletanche-bachy.com\/es\/noticias\/\"><i class=\"fa-arrow-right fas awb-button__icon awb-button__icon--default button-icon-left\" aria-hidden=\"true\"><\/i><span class=\"fusion-button-text awb-button__text awb-button__text--default\">Todas las noticias<\/span><\/a><\/div><\/div><\/div><\/div><\/div>\n<div class=\"fusion-fullwidth fullwidth-box fusion-builder-row-6 fusion-flex-container has-pattern-background has-mask-background hundred-percent-fullwidth non-hundred-percent-height-scrolling geoipbig\" style=\"--awb-border-radius-top-left:0px;--awb-border-radius-top-right:0px;--awb-border-radius-bottom-right:0px;--awb-border-radius-bottom-left:0px;--awb-padding-right:0px;--awb-padding-left:0px;--awb-margin-bottom:130px;--awb-flex-wrap:wrap;\" ><div class=\"fusion-builder-row fusion-row fusion-flex-align-items-flex-start fusion-flex-content-wrap\" style=\"width:104% !important;max-width:104% !important;margin-left: calc(-4% \/ 2 );margin-right: calc(-4% \/ 2 );\"><div class=\"fusion-layout-column fusion_builder_column fusion-builder-column-33 fusion_builder_column_1_1 1_1 fusion-flex-column\" style=\"--awb-bg-size:cover;--awb-width-large:100%;--awb-flex-grow:0;--awb-flex-shrink:0;--awb-margin-top-large:15px;--awb-spacing-right-large:1.92%;--awb-margin-bottom-large:15px;--awb-spacing-left-large:1.92%;--awb-width-medium:100%;--awb-order-medium:0;--awb-flex-grow-medium:;--awb-flex-shrink-medium:;--awb-spacing-right-medium:1.92%;--awb-spacing-left-medium:1.92%;--awb-width-small:100%;--awb-order-small:0;--awb-flex-grow-small:;--awb-flex-shrink-small:;--awb-spacing-right-small:1.92%;--awb-spacing-left-small:1.92%;\" data-scroll-devices=\"small-visibility,medium-visibility,large-visibility\"><div class=\"fusion-column-wrapper fusion-column-has-shadow fusion-flex-justify-content-flex-start fusion-content-layout-column\"><div class=\"widget-geoloc-render\" data-type=\"big\" data-lang=\"es\"><\/div>\n<\/div><\/div><\/div><\/div>\n<div class=\"fusion-fullwidth fullwidth-box fusion-builder-row-7 fusion-flex-container nonhundred-percent-fullwidth non-hundred-percent-height-scrolling\" style=\"--awb-border-radius-top-left:0px;--awb-border-radius-top-right:0px;--awb-border-radius-bottom-right:0px;--awb-border-radius-bottom-left:0px;--awb-flex-wrap:wrap;\" ><div class=\"fusion-builder-row fusion-row fusion-flex-align-items-flex-start fusion-flex-content-wrap\" style=\"max-width:1352px;margin-left: calc(-4% \/ 2 );margin-right: calc(-4% \/ 2 );\"><\/div><\/div><\/p>\n","protected":false},"excerpt":{"rendered":"<p>Zetta-Lyze is a multi-application, multi-profile\/profession, multi-source database platform, easily accessible from anywhere, that provides production information in real time. <\/p>\n","protected":false},"author":1006,"featured_media":15015,"comment_status":"open","ping_status":"open","sticky":false,"template":"","format":"standard","meta":{"_acf_changed":false,"_ayudawp_aiss_exclude":false,"_ayudawp_aiss_exclude_summary":false,"_ayudawp_aiss_summary":"","_ayudawp_aiss_summary_provider":"","_ayudawp_aiss_summary_hash":"","footnotes":""},"categories":[765,764],"tags":[],"class_list":["post-15054","post","type-post","status-publish","format-standard","has-post-thumbnail","hentry","category-medio-ambiente","category-noticias"],"acf":[],"aioseo_notices":[],"aioseo_head":"\n\t\t<!-- All in One SEO 5.0.1 - aioseo.com -->\n\t<meta name=\"description\" content=\"Este Plan de Acci\u00f3n Ambiental apunta a emprender acciones concretas para disminuir nuestra huella de carbono (alcances 1 y 2).\" \/>\n\t<meta name=\"robots\" content=\"max-image-preview:large\" \/>\n\t<meta name=\"author\" content=\"dparmentier\"\/>\n\t<link rel=\"canonical\" href=\"https:\/\/www.soletanche-bachy.com\/es\/soletanche-bachy-lanza-su-plan-de-accion-medioambiental\/\" \/>\n\t<meta name=\"generator\" content=\"All in One SEO (AIOSEO) 5.0.1\" \/>\n\t\t<meta property=\"og:locale\" content=\"es_ES\" \/>\n\t\t<meta property=\"og:site_name\" content=\"Soletanche Bachy Group - The world leader in foundations and soil technologies\" \/>\n\t\t<meta property=\"og:type\" content=\"article\" \/>\n\t\t<meta property=\"og:title\" content=\"Plan de Acci\u00f3n Ambiental Soletanche Bachy - Noticia\" \/>\n\t\t<meta property=\"og:description\" content=\"Este Plan de Acci\u00f3n Ambiental apunta a emprender acciones concretas para disminuir nuestra huella de carbono (alcances 1 y 2).\" \/>\n\t\t<meta property=\"og:url\" content=\"https:\/\/www.soletanche-bachy.com\/es\/soletanche-bachy-lanza-su-plan-de-accion-medioambiental\/\" \/>\n\t\t<meta property=\"article:published_time\" content=\"2020-07-06T12:41:05+00:00\" \/>\n\t\t<meta property=\"article:modified_time\" content=\"2023-11-13T16:25:07+00:00\" \/>\n\t\t<meta name=\"twitter:card\" content=\"summary\" \/>\n\t\t<meta name=\"twitter:title\" content=\"Plan de Acci\u00f3n Ambiental Soletanche Bachy - Noticia\" \/>\n\t\t<meta name=\"twitter:description\" content=\"Este Plan de Acci\u00f3n Ambiental apunta a emprender acciones concretas para disminuir nuestra huella de carbono (alcances 1 y 2).\" \/>\n\t\t<script type=\"application\/ld+json\" class=\"aioseo-schema\">\n\t\t\t{\"@context\":\"https:\\\/\\\/schema.org\",\"@graph\":[{\"@type\":\"BlogPosting\",\"@id\":\"https:\\\/\\\/www.soletanche-bachy.com\\\/es\\\/soletanche-bachy-lanza-su-plan-de-accion-medioambiental\\\/#blogposting\",\"name\":\"Plan de Acci\\u00f3n Ambiental Soletanche Bachy - Noticia\",\"headline\":\"Soletanche Bachy lanza su Plan de Acci\\u00f3n Ambiental\",\"author\":{\"@id\":\"https:\\\/\\\/www.soletanche-bachy.com\\\/es\\\/author\\\/dparmentier\\\/#author\"},\"publisher\":{\"@id\":\"https:\\\/\\\/www.soletanche-bachy.com\\\/es\\\/#organization\"},\"image\":{\"@type\":\"ImageObject\",\"url\":\"https:\\\/\\\/www.soletanche-bachy.com\\\/wp-content\\\/uploads\\\/sites\\\/18\\\/2020\\\/07\\\/MEA-1.jpg\",\"width\":460,\"height\":290},\"datePublished\":\"2020-07-06T14:41:05+02:00\",\"dateModified\":\"2023-11-13T17:25:07+01:00\",\"inLanguage\":\"es-ES\",\"mainEntityOfPage\":{\"@id\":\"https:\\\/\\\/www.soletanche-bachy.com\\\/es\\\/soletanche-bachy-lanza-su-plan-de-accion-medioambiental\\\/#webpage\"},\"isPartOf\":{\"@id\":\"https:\\\/\\\/www.soletanche-bachy.com\\\/es\\\/soletanche-bachy-lanza-su-plan-de-accion-medioambiental\\\/#webpage\"},\"articleSection\":\"Medio ambiente, Noticias\"},{\"@type\":\"BreadcrumbList\",\"@id\":\"https:\\\/\\\/www.soletanche-bachy.com\\\/es\\\/soletanche-bachy-lanza-su-plan-de-accion-medioambiental\\\/#breadcrumblist\",\"itemListElement\":[{\"@type\":\"ListItem\",\"@id\":\"https:\\\/\\\/www.soletanche-bachy.com\\\/es\\\/#listItem\",\"position\":1,\"name\":\"Home\",\"item\":\"https:\\\/\\\/www.soletanche-bachy.com\\\/es\\\/\",\"nextItem\":{\"@type\":\"ListItem\",\"@id\":\"https:\\\/\\\/www.soletanche-bachy.com\\\/es\\\/category\\\/noticias\\\/#listItem\",\"name\":\"Noticias\"}},{\"@type\":\"ListItem\",\"@id\":\"https:\\\/\\\/www.soletanche-bachy.com\\\/es\\\/category\\\/noticias\\\/#listItem\",\"position\":2,\"name\":\"Noticias\",\"item\":\"https:\\\/\\\/www.soletanche-bachy.com\\\/es\\\/category\\\/noticias\\\/\",\"nextItem\":{\"@type\":\"ListItem\",\"@id\":\"https:\\\/\\\/www.soletanche-bachy.com\\\/es\\\/category\\\/noticias\\\/medio-ambiente\\\/#listItem\",\"name\":\"Medio ambiente\"},\"previousItem\":{\"@type\":\"ListItem\",\"@id\":\"https:\\\/\\\/www.soletanche-bachy.com\\\/es\\\/#listItem\",\"name\":\"Home\"}},{\"@type\":\"ListItem\",\"@id\":\"https:\\\/\\\/www.soletanche-bachy.com\\\/es\\\/category\\\/noticias\\\/medio-ambiente\\\/#listItem\",\"position\":3,\"name\":\"Medio ambiente\",\"item\":\"https:\\\/\\\/www.soletanche-bachy.com\\\/es\\\/category\\\/noticias\\\/medio-ambiente\\\/\",\"nextItem\":{\"@type\":\"ListItem\",\"@id\":\"https:\\\/\\\/www.soletanche-bachy.com\\\/es\\\/soletanche-bachy-lanza-su-plan-de-accion-medioambiental\\\/#listItem\",\"name\":\"Soletanche Bachy lanza su Plan de Acci\\u00f3n Ambiental\"},\"previousItem\":{\"@type\":\"ListItem\",\"@id\":\"https:\\\/\\\/www.soletanche-bachy.com\\\/es\\\/category\\\/noticias\\\/#listItem\",\"name\":\"Noticias\"}},{\"@type\":\"ListItem\",\"@id\":\"https:\\\/\\\/www.soletanche-bachy.com\\\/es\\\/soletanche-bachy-lanza-su-plan-de-accion-medioambiental\\\/#listItem\",\"position\":4,\"name\":\"Soletanche Bachy lanza su Plan de Acci\\u00f3n Ambiental\",\"previousItem\":{\"@type\":\"ListItem\",\"@id\":\"https:\\\/\\\/www.soletanche-bachy.com\\\/es\\\/category\\\/noticias\\\/medio-ambiente\\\/#listItem\",\"name\":\"Medio ambiente\"}}]},{\"@type\":\"Organization\",\"@id\":\"https:\\\/\\\/www.soletanche-bachy.com\\\/es\\\/#organization\",\"name\":\"SOLETANCHE BACHY\",\"description\":\"The world leader in foundations and soil technologies\",\"url\":\"https:\\\/\\\/www.soletanche-bachy.com\\\/es\\\/\",\"telephone\":\"+33147764262\",\"logo\":{\"@type\":\"ImageObject\",\"url\":\"https:\\\/\\\/www.soletanche-bachy.com\\\/wp-content\\\/uploads\\\/sites\\\/18\\\/2020\\\/03\\\/SOLETANCHE-BACHY-LOGO-icon-above-grey200.png\",\"@id\":\"https:\\\/\\\/www.soletanche-bachy.com\\\/es\\\/soletanche-bachy-lanza-su-plan-de-accion-medioambiental\\\/#organizationLogo\",\"width\":200,\"height\":65},\"image\":{\"@id\":\"https:\\\/\\\/www.soletanche-bachy.com\\\/es\\\/soletanche-bachy-lanza-su-plan-de-accion-medioambiental\\\/#organizationLogo\"},\"sameAs\":[\"https:\\\/\\\/www.youtube.com\\\/channel\\\/UCnWhof4dRavOkevAbECraag\",\"https:\\\/\\\/www.linkedin.com\\\/company\\\/soletanche-bachy\\\/\",\"https:\\\/\\\/fr.wikipedia.org\\\/wiki\\\/Soletanche_Bachy\"]},{\"@type\":\"Person\",\"@id\":\"https:\\\/\\\/www.soletanche-bachy.com\\\/es\\\/author\\\/dparmentier\\\/#author\",\"url\":\"https:\\\/\\\/www.soletanche-bachy.com\\\/es\\\/author\\\/dparmentier\\\/\",\"name\":\"dparmentier\",\"image\":{\"@type\":\"ImageObject\",\"@id\":\"https:\\\/\\\/www.soletanche-bachy.com\\\/es\\\/soletanche-bachy-lanza-su-plan-de-accion-medioambiental\\\/#authorImage\",\"url\":\"https:\\\/\\\/secure.gravatar.com\\\/avatar\\\/3deee9f4044469aa42cf42df2c1a933da75315b58137c085f57cfee6a91c8970?s=96&d=mm&r=g\",\"width\":96,\"height\":96,\"caption\":\"dparmentier\"}},{\"@type\":\"WebPage\",\"@id\":\"https:\\\/\\\/www.soletanche-bachy.com\\\/es\\\/soletanche-bachy-lanza-su-plan-de-accion-medioambiental\\\/#webpage\",\"url\":\"https:\\\/\\\/www.soletanche-bachy.com\\\/es\\\/soletanche-bachy-lanza-su-plan-de-accion-medioambiental\\\/\",\"name\":\"Plan de Acci\\u00f3n Ambiental Soletanche Bachy - Noticia\",\"description\":\"Este Plan de Acci\\u00f3n Ambiental apunta a emprender acciones concretas para disminuir nuestra huella de carbono (alcances 1 y 2).\",\"inLanguage\":\"es-ES\",\"isPartOf\":{\"@id\":\"https:\\\/\\\/www.soletanche-bachy.com\\\/es\\\/#website\"},\"breadcrumb\":{\"@id\":\"https:\\\/\\\/www.soletanche-bachy.com\\\/es\\\/soletanche-bachy-lanza-su-plan-de-accion-medioambiental\\\/#breadcrumblist\"},\"author\":{\"@id\":\"https:\\\/\\\/www.soletanche-bachy.com\\\/es\\\/author\\\/dparmentier\\\/#author\"},\"creator\":{\"@id\":\"https:\\\/\\\/www.soletanche-bachy.com\\\/es\\\/author\\\/dparmentier\\\/#author\"},\"image\":{\"@type\":\"ImageObject\",\"url\":\"https:\\\/\\\/www.soletanche-bachy.com\\\/wp-content\\\/uploads\\\/sites\\\/18\\\/2020\\\/07\\\/MEA-1.jpg\",\"@id\":\"https:\\\/\\\/www.soletanche-bachy.com\\\/es\\\/soletanche-bachy-lanza-su-plan-de-accion-medioambiental\\\/#mainImage\",\"width\":460,\"height\":290},\"primaryImageOfPage\":{\"@id\":\"https:\\\/\\\/www.soletanche-bachy.com\\\/es\\\/soletanche-bachy-lanza-su-plan-de-accion-medioambiental\\\/#mainImage\"},\"datePublished\":\"2020-07-06T14:41:05+02:00\",\"dateModified\":\"2023-11-13T17:25:07+01:00\"},{\"@type\":\"WebSite\",\"@id\":\"https:\\\/\\\/www.soletanche-bachy.com\\\/es\\\/#website\",\"url\":\"https:\\\/\\\/www.soletanche-bachy.com\\\/es\\\/\",\"name\":\"SOLETANCHE BACHY CORPORATE\",\"alternateName\":\"SOLETANCHE BACHY\",\"description\":\"The world leader in foundations and soil technologies\",\"inLanguage\":\"es-ES\",\"publisher\":{\"@id\":\"https:\\\/\\\/www.soletanche-bachy.com\\\/es\\\/#organization\"}}]}\n\t\t<\/script>\n\t\t<!-- All in One SEO -->\n\n","aioseo_head_json":{"title":"Plan de Acci\u00f3n Ambiental Soletanche Bachy - Noticia","description":"Este Plan de Acci\u00f3n Ambiental apunta a emprender acciones concretas para disminuir nuestra huella de carbono (alcances 1 y 2).","canonical_url":"https:\/\/www.soletanche-bachy.com\/es\/soletanche-bachy-lanza-su-plan-de-accion-medioambiental\/","robots":"max-image-preview:large","keywords":"","webmasterTools":{"miscellaneous":""},"schema":{"@context":"https:\/\/schema.org","@graph":[{"@type":"BlogPosting","@id":"https:\/\/www.soletanche-bachy.com\/es\/soletanche-bachy-lanza-su-plan-de-accion-medioambiental\/#blogposting","name":"Plan de Acci\u00f3n Ambiental Soletanche Bachy - Noticia","headline":"Soletanche Bachy lanza su Plan de Acci\u00f3n Ambiental","author":{"@id":"https:\/\/www.soletanche-bachy.com\/es\/author\/dparmentier\/#author"},"publisher":{"@id":"https:\/\/www.soletanche-bachy.com\/es\/#organization"},"image":{"@type":"ImageObject","url":"https:\/\/www.soletanche-bachy.com\/wp-content\/uploads\/sites\/18\/2020\/07\/MEA-1.jpg","width":460,"height":290},"datePublished":"2020-07-06T14:41:05+02:00","dateModified":"2023-11-13T17:25:07+01:00","inLanguage":"es-ES","mainEntityOfPage":{"@id":"https:\/\/www.soletanche-bachy.com\/es\/soletanche-bachy-lanza-su-plan-de-accion-medioambiental\/#webpage"},"isPartOf":{"@id":"https:\/\/www.soletanche-bachy.com\/es\/soletanche-bachy-lanza-su-plan-de-accion-medioambiental\/#webpage"},"articleSection":"Medio ambiente, Noticias"},{"@type":"BreadcrumbList","@id":"https:\/\/www.soletanche-bachy.com\/es\/soletanche-bachy-lanza-su-plan-de-accion-medioambiental\/#breadcrumblist","itemListElement":[{"@type":"ListItem","@id":"https:\/\/www.soletanche-bachy.com\/es\/#listItem","position":1,"name":"Home","item":"https:\/\/www.soletanche-bachy.com\/es\/","nextItem":{"@type":"ListItem","@id":"https:\/\/www.soletanche-bachy.com\/es\/category\/noticias\/#listItem","name":"Noticias"}},{"@type":"ListItem","@id":"https:\/\/www.soletanche-bachy.com\/es\/category\/noticias\/#listItem","position":2,"name":"Noticias","item":"https:\/\/www.soletanche-bachy.com\/es\/category\/noticias\/","nextItem":{"@type":"ListItem","@id":"https:\/\/www.soletanche-bachy.com\/es\/category\/noticias\/medio-ambiente\/#listItem","name":"Medio ambiente"},"previousItem":{"@type":"ListItem","@id":"https:\/\/www.soletanche-bachy.com\/es\/#listItem","name":"Home"}},{"@type":"ListItem","@id":"https:\/\/www.soletanche-bachy.com\/es\/category\/noticias\/medio-ambiente\/#listItem","position":3,"name":"Medio ambiente","item":"https:\/\/www.soletanche-bachy.com\/es\/category\/noticias\/medio-ambiente\/","nextItem":{"@type":"ListItem","@id":"https:\/\/www.soletanche-bachy.com\/es\/soletanche-bachy-lanza-su-plan-de-accion-medioambiental\/#listItem","name":"Soletanche Bachy lanza su Plan de Acci\u00f3n Ambiental"},"previousItem":{"@type":"ListItem","@id":"https:\/\/www.soletanche-bachy.com\/es\/category\/noticias\/#listItem","name":"Noticias"}},{"@type":"ListItem","@id":"https:\/\/www.soletanche-bachy.com\/es\/soletanche-bachy-lanza-su-plan-de-accion-medioambiental\/#listItem","position":4,"name":"Soletanche Bachy lanza su Plan de Acci\u00f3n Ambiental","previousItem":{"@type":"ListItem","@id":"https:\/\/www.soletanche-bachy.com\/es\/category\/noticias\/medio-ambiente\/#listItem","name":"Medio ambiente"}}]},{"@type":"Organization","@id":"https:\/\/www.soletanche-bachy.com\/es\/#organization","name":"SOLETANCHE BACHY","description":"The world leader in foundations and soil technologies","url":"https:\/\/www.soletanche-bachy.com\/es\/","telephone":"+33147764262","logo":{"@type":"ImageObject","url":"https:\/\/www.soletanche-bachy.com\/wp-content\/uploads\/sites\/18\/2020\/03\/SOLETANCHE-BACHY-LOGO-icon-above-grey200.png","@id":"https:\/\/www.soletanche-bachy.com\/es\/soletanche-bachy-lanza-su-plan-de-accion-medioambiental\/#organizationLogo","width":200,"height":65},"image":{"@id":"https:\/\/www.soletanche-bachy.com\/es\/soletanche-bachy-lanza-su-plan-de-accion-medioambiental\/#organizationLogo"},"sameAs":["https:\/\/www.youtube.com\/channel\/UCnWhof4dRavOkevAbECraag","https:\/\/www.linkedin.com\/company\/soletanche-bachy\/","https:\/\/fr.wikipedia.org\/wiki\/Soletanche_Bachy"]},{"@type":"Person","@id":"https:\/\/www.soletanche-bachy.com\/es\/author\/dparmentier\/#author","url":"https:\/\/www.soletanche-bachy.com\/es\/author\/dparmentier\/","name":"dparmentier","image":{"@type":"ImageObject","@id":"https:\/\/www.soletanche-bachy.com\/es\/soletanche-bachy-lanza-su-plan-de-accion-medioambiental\/#authorImage","url":"https:\/\/secure.gravatar.com\/avatar\/3deee9f4044469aa42cf42df2c1a933da75315b58137c085f57cfee6a91c8970?s=96&d=mm&r=g","width":96,"height":96,"caption":"dparmentier"}},{"@type":"WebPage","@id":"https:\/\/www.soletanche-bachy.com\/es\/soletanche-bachy-lanza-su-plan-de-accion-medioambiental\/#webpage","url":"https:\/\/www.soletanche-bachy.com\/es\/soletanche-bachy-lanza-su-plan-de-accion-medioambiental\/","name":"Plan de Acci\u00f3n Ambiental Soletanche Bachy - Noticia","description":"Este Plan de Acci\u00f3n Ambiental apunta a emprender acciones concretas para disminuir nuestra huella de carbono (alcances 1 y 2).","inLanguage":"es-ES","isPartOf":{"@id":"https:\/\/www.soletanche-bachy.com\/es\/#website"},"breadcrumb":{"@id":"https:\/\/www.soletanche-bachy.com\/es\/soletanche-bachy-lanza-su-plan-de-accion-medioambiental\/#breadcrumblist"},"author":{"@id":"https:\/\/www.soletanche-bachy.com\/es\/author\/dparmentier\/#author"},"creator":{"@id":"https:\/\/www.soletanche-bachy.com\/es\/author\/dparmentier\/#author"},"image":{"@type":"ImageObject","url":"https:\/\/www.soletanche-bachy.com\/wp-content\/uploads\/sites\/18\/2020\/07\/MEA-1.jpg","@id":"https:\/\/www.soletanche-bachy.com\/es\/soletanche-bachy-lanza-su-plan-de-accion-medioambiental\/#mainImage","width":460,"height":290},"primaryImageOfPage":{"@id":"https:\/\/www.soletanche-bachy.com\/es\/soletanche-bachy-lanza-su-plan-de-accion-medioambiental\/#mainImage"},"datePublished":"2020-07-06T14:41:05+02:00","dateModified":"2023-11-13T17:25:07+01:00"},{"@type":"WebSite","@id":"https:\/\/www.soletanche-bachy.com\/es\/#website","url":"https:\/\/www.soletanche-bachy.com\/es\/","name":"SOLETANCHE BACHY CORPORATE","alternateName":"SOLETANCHE BACHY","description":"The world leader in foundations and soil technologies","inLanguage":"es-ES","publisher":{"@id":"https:\/\/www.soletanche-bachy.com\/es\/#organization"}}]},"og:locale":"es_ES","og:site_name":"Soletanche Bachy Group - The world leader in foundations and soil technologies","og:type":"article","og:title":"Plan de Acci\u00f3n Ambiental Soletanche Bachy - Noticia","og:description":"Este Plan de Acci\u00f3n Ambiental apunta a emprender acciones concretas para disminuir nuestra huella de carbono (alcances 1 y 2).","og:url":"https:\/\/www.soletanche-bachy.com\/es\/soletanche-bachy-lanza-su-plan-de-accion-medioambiental\/","article:published_time":"2020-07-06T12:41:05+00:00","article:modified_time":"2023-11-13T16:25:07+00:00","twitter:card":"summary","twitter:title":"Plan de Acci\u00f3n Ambiental Soletanche Bachy - Noticia","twitter:description":"Este Plan de Acci\u00f3n Ambiental apunta a emprender acciones concretas para disminuir nuestra huella de carbono (alcances 1 y 2)."},"aioseo_meta_data":{"post_id":"15054","title":"Plan de Acci\u00f3n Ambiental Soletanche Bachy - Noticia","description":"Este Plan de Acci\u00f3n Ambiental apunta a emprender acciones concretas para disminuir nuestra huella de carbono (alcances 1 y 2).","keywords":[],"keyphrases":{"focus":{"keyphrase":"","score":0,"analysis":{"keyphraseInTitle":{"score":0,"maxScore":9,"error":1}}},"additional":[]},"primary_term":null,"canonical_url":null,"og_title":null,"og_description":null,"og_object_type":"default","og_image_type":"default","og_image_url":null,"og_image_width":null,"og_image_height":null,"og_image_custom_url":null,"og_image_custom_fields":null,"og_video":"","og_custom_url":null,"og_article_section":null,"og_article_tags":[],"twitter_use_og":false,"twitter_card":"default","twitter_image_type":"default","twitter_image_url":null,"twitter_image_custom_url":null,"twitter_image_custom_fields":null,"twitter_title":null,"twitter_description":null,"schema":{"blockGraphs":[],"customGraphs":[],"default":{"data":{"Article":[],"Course":[],"Dataset":[],"FAQPage":[],"Movie":[],"Person":[],"Product":[],"ProductReview":[],"Car":[],"Recipe":[],"Service":[],"SoftwareApplication":[],"WebPage":[]},"graphName":"BlogPosting","isEnabled":true},"graphs":[]},"schema_type":"default","schema_type_options":null,"pillar_content":false,"robots_default":true,"robots_noindex":false,"robots_noarchive":false,"robots_nosnippet":false,"robots_nofollow":false,"robots_noimageindex":false,"robots_noodp":false,"robots_notranslate":false,"robots_max_snippet":"-1","robots_max_videopreview":"-1","robots_max_imagepreview":"large","priority":null,"frequency":"default","local_seo":null,"breadcrumb_settings":null,"limit_modified_date":false,"ai":null,"created":"2023-03-09 14:19:10","updated":"2023-11-13 16:25:08","seo_analyzer_scan_date":null,"focus_keyword":null,"additional_keywords":null,"truseo_locale":null},"_links":{"self":[{"href":"https:\/\/www.soletanche-bachy.com\/es\/wp-json\/wp\/v2\/posts\/15054","targetHints":{"allow":["GET"]}}],"collection":[{"href":"https:\/\/www.soletanche-bachy.com\/es\/wp-json\/wp\/v2\/posts"}],"about":[{"href":"https:\/\/www.soletanche-bachy.com\/es\/wp-json\/wp\/v2\/types\/post"}],"author":[{"embeddable":true,"href":"https:\/\/www.soletanche-bachy.com\/es\/wp-json\/wp\/v2\/users\/1006"}],"replies":[{"embeddable":true,"href":"https:\/\/www.soletanche-bachy.com\/es\/wp-json\/wp\/v2\/comments?post=15054"}],"version-history":[{"count":0,"href":"https:\/\/www.soletanche-bachy.com\/es\/wp-json\/wp\/v2\/posts\/15054\/revisions"}],"wp:featuredmedia":[{"embeddable":true,"href":"https:\/\/www.soletanche-bachy.com\/es\/wp-json\/wp\/v2\/media\/15015"}],"wp:attachment":[{"href":"https:\/\/www.soletanche-bachy.com\/es\/wp-json\/wp\/v2\/media?parent=15054"}],"wp:term":[{"taxonomy":"category","embeddable":true,"href":"https:\/\/www.soletanche-bachy.com\/es\/wp-json\/wp\/v2\/categories?post=15054"},{"taxonomy":"post_tag","embeddable":true,"href":"https:\/\/www.soletanche-bachy.com\/es\/wp-json\/wp\/v2\/tags?post=15054"}],"curies":[{"name":"wp","href":"https:\/\/api.w.org\/{rel}","templated":true}]}}